{"id":723,"date":"2016-08-02T19:27:22","date_gmt":"2016-08-02T19:27:22","guid":{"rendered":"http:\/\/www.esmer-benin.org\/?p=723"},"modified":"2016-08-04T19:30:36","modified_gmt":"2016-08-04T19:30:36","slug":"salon-des-formations-superieures-et-de-lorientation-sfso-2016-lesmer-honoree-et-plebiscitee","status":"publish","type":"post","link":"https:\/\/esmer-benin.org\/home\/salon-des-formations-superieures-et-de-lorientation-sfso-2016-lesmer-honoree-et-plebiscitee\/","title":{"rendered":"Salon des Formations Sup\u00e9rieures et de l&rsquo;Orientation (SFSO 2016),  l&rsquo;ESMER honor\u00e9e et pl\u00e9biscit\u00e9e"},"content":{"rendered":"<figure><img loading=\"lazy\" decoding=\"async\" width=\"300\" height=\"169\" class=\"size-medium wp-image-720 alignright\" src=\"http:\/\/www.esmer-benin.org\/home\/wp-content\/uploads\/2016\/08\/troffet_sfso-2016-300x169.jpg\" alt=\"troffet_sfso-2016\" srcset=\"https:\/\/esmer-benin.org\/home\/wp-content\/uploads\/2016\/08\/troffet_sfso-2016-300x169.jpg 300w, https:\/\/esmer-benin.org\/home\/wp-content\/uploads\/2016\/08\/troffet_sfso-2016-150x84.jpg 150w, https:\/\/esmer-benin.org\/home\/wp-content\/uploads\/2016\/08\/troffet_sfso-2016-768x432.jpg 768w, https:\/\/esmer-benin.org\/home\/wp-content\/uploads\/2016\/08\/troffet_sfso-2016-1024x576.jpg 1024w\" sizes=\"auto, (max-width: 300px) 100vw, 300px\" \/><img loading=\"lazy\" decoding=\"async\" class=\"alignnone wp-image-717 size-medium\" src=\"http:\/\/www.esmer-benin.org\/home\/wp-content\/uploads\/2016\/08\/IMG-20160730-WA0003-300x225.jpg\" width=\"300\" height=\"225\" srcset=\"https:\/\/esmer-benin.org\/home\/wp-content\/uploads\/2016\/08\/IMG-20160730-WA0003-300x225.jpg 300w, https:\/\/esmer-benin.org\/home\/wp-content\/uploads\/2016\/08\/IMG-20160730-WA0003-150x113.jpg 150w, https:\/\/esmer-benin.org\/home\/wp-content\/uploads\/2016\/08\/IMG-20160730-WA0003-768x576.jpg 768w, https:\/\/esmer-benin.org\/home\/wp-content\/uploads\/2016\/08\/IMG-20160730-WA0003-1024x768.jpg 1024w, https:\/\/esmer-benin.org\/home\/wp-content\/uploads\/2016\/08\/IMG-20160730-WA0003.jpg 1280w\" sizes=\"auto, (max-width: 300px) 100vw, 300px\" \/><\/figure>\n<p>L&rsquo;ESMER a particip\u00e9 \u00e0 la 7eme \u00e9dition du Salon des Formations Sup\u00e9rieures et de l&rsquo;Orientation, organis\u00e9 par l&rsquo;Agence DOSS &amp; ADK. Ce grand rendez-vous des \u00e9coles sup\u00e9rieures et universit\u00e9s a permis \u00e0 l&rsquo;ESMER de se hisser une fois de plus au rang des meilleures plates-formes \u00e9ducatives. En t\u00e9moignent les diff\u00e9rents prix re\u00e7us \u00e0 l&rsquo;issue dudit salon.<\/p>\n<p>Durant les trois jours qu&rsquo;a dur\u00e9 le salon, l&rsquo;\u00e9quipe de l&rsquo;ESMER a partag\u00e9 avec les visiteurs de son stand (\u00e9tudiants, parents d&rsquo;\u00e9l\u00e8ves, d\u00e9cideurs \u00e0 divers niveaux) sa conviction: celle d&rsquo;une Afrique qui rel\u00e8ve la t\u00eate, d&rsquo;une Afrique d\u00e9termin\u00e9e \u00e0 puiser en elle-m\u00eame les ressources de son d\u00e9veloppement. La valeur ajout\u00e9e apport\u00e9e par l&rsquo;ESMER durant ce salon lui a valu deux grandes reconnaissances: Le Prix de l&rsquo;innovation et celui de l\u2019Excellence. Encore un pas de g\u00e9ant qui vient concr\u00e9tiser la d\u00e9termination des promoteurs de l&rsquo;ESMER.<\/p>\n<p>&nbsp;<\/p>\n","protected":false},"excerpt":{"rendered":"<p>Durant les trois jours qu&rsquo;a dur\u00e9 le salon, l&rsquo;\u00e9quipe de l&rsquo;ESMER a partag\u00e9 avec les visiteurs de son stand (\u00e9tudiants, parents d&rsquo;\u00e9l\u00e8ves, d\u00e9cideurs \u00e0 divers niveaux) sa conviction: celle d&rsquo;une Afrique qui rel\u00e8ve la t\u00eate, d&rsquo;une Afrique d\u00e9termin\u00e9e \u00e0 puiser en elle-m\u00eame les ressources de son d\u00e9veloppement.<\/p>\n","protected":false},"author":2,"featured_media":722,"comment_status":"closed","ping_status":"open","sticky":false,"template":"","format":"gallery","meta":{"footnotes":""},"categories":[12],"tags":[],"class_list":["post-723","post","type-post","status-publish","format-gallery","has-post-thumbnail","hentry","category-activites","post_format-post-format-gallery"],"_links":{"self":[{"href":"https:\/\/esmer-benin.org\/home\/wp-json\/wp\/v2\/posts\/723","targetHints":{"allow":["GET"]}}],"collection":[{"href":"https:\/\/esmer-benin.org\/home\/wp-json\/wp\/v2\/posts"}],"about":[{"href":"https:\/\/esmer-benin.org\/home\/wp-json\/wp\/v2\/types\/post"}],"author":[{"embeddable":true,"href":"https:\/\/esmer-benin.org\/home\/wp-json\/wp\/v2\/users\/2"}],"replies":[{"embeddable":true,"href":"https:\/\/esmer-benin.org\/home\/wp-json\/wp\/v2\/comments?post=723"}],"version-history":[{"count":7,"href":"https:\/\/esmer-benin.org\/home\/wp-json\/wp\/v2\/posts\/723\/revisions"}],"predecessor-version":[{"id":731,"href":"https:\/\/esmer-benin.org\/home\/wp-json\/wp\/v2\/posts\/723\/revisions\/731"}],"wp:featuredmedia":[{"embeddable":true,"href":"https:\/\/esmer-benin.org\/home\/wp-json\/wp\/v2\/media\/722"}],"wp:attachment":[{"href":"https:\/\/esmer-benin.org\/home\/wp-json\/wp\/v2\/media?parent=723"}],"wp:term":[{"taxonomy":"category","embeddable":true,"href":"https:\/\/esmer-benin.org\/home\/wp-json\/wp\/v2\/categories?post=723"},{"taxonomy":"post_tag","embeddable":true,"href":"https:\/\/esmer-benin.org\/home\/wp-json\/wp\/v2\/tags?post=723"}],"curies":[{"name":"wp","href":"https:\/\/api.w.org\/{rel}","templated":true}]}}