{"id":645,"date":"2016-05-27T18:41:25","date_gmt":"2016-05-27T18:41:25","guid":{"rendered":"http:\/\/www.esmer-benin.org\/?p=645"},"modified":"2016-06-11T08:53:36","modified_gmt":"2016-06-11T08:53:36","slug":"formation-aux-techniques-de-montage-dequipements-solaires-lesmer-opte-pour-lautonomisation-des-jeunes-filles","status":"publish","type":"post","link":"https:\/\/esmer-benin.org\/home\/formation-aux-techniques-de-montage-dequipements-solaires-lesmer-opte-pour-lautonomisation-des-jeunes-filles\/","title":{"rendered":"Formation aux techniques de montage d\u2019\u00e9quipements solaires :  L\u2019ESMER opte pour l\u2019autonomisation des jeunes filles"},"content":{"rendered":"<p>Une vingtaine de jeunes filles des lyc\u00e9es techniques du B\u00e9nin ont \u00e9t\u00e9 s\u00e9lectionn\u00e9es apr\u00e8s appel \u00e0 candidature pour suivre la deuxi\u00e8me s\u00e9rie de formation organis\u00e9e par la Direction de la Formation Continue et de l\u2019Innovation Technologique (DFCIT) de l\u2019ESMER avec le soutien et l\u2019accompagnement du Groupement ASEMI S.A, son partenaire de taille.<br \/>\nLe lancement de cette formation a \u00e9t\u00e9 faite en pr\u00e9sence d\u2019\u00e9minentes personnalit\u00e9s venues t\u00e9moign\u00e9es leur soutien \u00e0 cette initiative. M. LODONOU St\u00e9phinx, Directeur de la Formation au Minist\u00e8re des Enseignements secondaires, Techniques et de la Formation Professionnelle, et M. Charles KOUMAPLE, Conseiller Technique \u00e0 l\u2019Energie du Ministre de l\u2019Energie, ont salu\u00e9 cette id\u00e9e visant \u00e0 outiller les participantes. Ces derni\u00e8res ont fait montre d\u2019assiduit\u00e9, d\u2019implication et de respect des m\u00e9thodes p\u00e9dagogiques d\u00e9clin\u00e9es en expos\u00e9es, exercices pratiques, \u00e9tudes de cas, visites de terrain, et ateliers techniques.<\/p>\n\n\t\t<style type=\"text\/css\">\n\t\t\t#gallery-1 {\n\t\t\t\tmargin: auto;\n\t\t\t}\n\t\t\t#gallery-1 .gallery-item {\n\t\t\t\tfloat: left;\n\t\t\t\tmargin-top: 10px;\n\t\t\t\ttext-align: center;\n\t\t\t\twidth: 25%;\n\t\t\t}\n\t\t\t#gallery-1 img {\n\t\t\t\tborder: 2px solid #cfcfcf;\n\t\t\t}\n\t\t\t#gallery-1 .gallery-caption {\n\t\t\t\tmargin-left: 0;\n\t\t\t}\n\t\t\t\/* see gallery_shortcode() in wp-includes\/media.php *\/\n\t\t<\/style>\n\t\t<div id='gallery-1' class='gallery galleryid-645 gallery-columns-4 gallery-size-large'><dl class='gallery-item'>\n\t\t\t<dt class='gallery-icon landscape'>\n\t\t\t\t<a href='https:\/\/esmer-benin.org\/home\/formation-aux-techniques-de-montage-dequipements-solaires-lesmer-opte-pour-lautonomisation-des-jeunes-filles\/olympus-digital-camera-33\/'><img loading=\"lazy\" decoding=\"async\" width=\"1024\" height=\"576\" src=\"https:\/\/esmer-benin.org\/home\/wp-content\/uploads\/2016\/06\/SITE-1024x576.jpg\" class=\"attachment-large size-large\" alt=\"\" srcset=\"https:\/\/esmer-benin.org\/home\/wp-content\/uploads\/2016\/06\/SITE-1024x576.jpg 1024w, https:\/\/esmer-benin.org\/home\/wp-content\/uploads\/2016\/06\/SITE-150x84.jpg 150w, https:\/\/esmer-benin.org\/home\/wp-content\/uploads\/2016\/06\/SITE-300x169.jpg 300w, https:\/\/esmer-benin.org\/home\/wp-content\/uploads\/2016\/06\/SITE-768x432.jpg 768w\" sizes=\"auto, (max-width: 1024px) 100vw, 1024px\" \/><\/a>\n\t\t\t<\/dt><\/dl><dl class='gallery-item'>\n\t\t\t<dt class='gallery-icon landscape'>\n\t\t\t\t<a href='https:\/\/esmer-benin.org\/home\/formation-aux-techniques-de-montage-dequipements-solaires-lesmer-opte-pour-lautonomisation-des-jeunes-filles\/olympus-digital-camera-30\/'><img loading=\"lazy\" decoding=\"async\" width=\"1024\" height=\"576\" src=\"https:\/\/esmer-benin.org\/home\/wp-content\/uploads\/2016\/06\/P1011044-1024x576.jpg\" class=\"attachment-large size-large\" alt=\"\" srcset=\"https:\/\/esmer-benin.org\/home\/wp-content\/uploads\/2016\/06\/P1011044-1024x576.jpg 1024w, https:\/\/esmer-benin.org\/home\/wp-content\/uploads\/2016\/06\/P1011044-150x84.jpg 150w, https:\/\/esmer-benin.org\/home\/wp-content\/uploads\/2016\/06\/P1011044-300x169.jpg 300w, https:\/\/esmer-benin.org\/home\/wp-content\/uploads\/2016\/06\/P1011044-768x432.jpg 768w\" sizes=\"auto, (max-width: 1024px) 100vw, 1024px\" \/><\/a>\n\t\t\t<\/dt><\/dl><dl class='gallery-item'>\n\t\t\t<dt class='gallery-icon landscape'>\n\t\t\t\t<a href='https:\/\/esmer-benin.org\/home\/formation-aux-techniques-de-montage-dequipements-solaires-lesmer-opte-pour-lautonomisation-des-jeunes-filles\/olympus-digital-camera-31\/'><img loading=\"lazy\" decoding=\"async\" width=\"1024\" height=\"576\" src=\"https:\/\/esmer-benin.org\/home\/wp-content\/uploads\/2016\/06\/P5271302-1024x576.jpg\" class=\"attachment-large size-large\" alt=\"\" srcset=\"https:\/\/esmer-benin.org\/home\/wp-content\/uploads\/2016\/06\/P5271302-1024x576.jpg 1024w, https:\/\/esmer-benin.org\/home\/wp-content\/uploads\/2016\/06\/P5271302-150x84.jpg 150w, https:\/\/esmer-benin.org\/home\/wp-content\/uploads\/2016\/06\/P5271302-300x169.jpg 300w, https:\/\/esmer-benin.org\/home\/wp-content\/uploads\/2016\/06\/P5271302-768x432.jpg 768w\" sizes=\"auto, (max-width: 1024px) 100vw, 1024px\" \/><\/a>\n\t\t\t<\/dt><\/dl><dl class='gallery-item'>\n\t\t\t<dt class='gallery-icon landscape'>\n\t\t\t\t<a href='https:\/\/esmer-benin.org\/home\/formation-aux-techniques-de-montage-dequipements-solaires-lesmer-opte-pour-lautonomisation-des-jeunes-filles\/olympus-digital-camera-32\/'><img loading=\"lazy\" decoding=\"async\" width=\"1024\" height=\"576\" src=\"https:\/\/esmer-benin.org\/home\/wp-content\/uploads\/2016\/06\/P5271357-1024x576.jpg\" class=\"attachment-large size-large\" alt=\"\" srcset=\"https:\/\/esmer-benin.org\/home\/wp-content\/uploads\/2016\/06\/P5271357-1024x576.jpg 1024w, https:\/\/esmer-benin.org\/home\/wp-content\/uploads\/2016\/06\/P5271357-150x84.jpg 150w, https:\/\/esmer-benin.org\/home\/wp-content\/uploads\/2016\/06\/P5271357-300x169.jpg 300w, https:\/\/esmer-benin.org\/home\/wp-content\/uploads\/2016\/06\/P5271357-768x432.jpg 768w\" sizes=\"auto, (max-width: 1024px) 100vw, 1024px\" \/><\/a>\n\t\t\t<\/dt><\/dl><br style=\"clear: both\" \/>\n\t\t<\/div>\n\n","protected":false},"excerpt":{"rendered":"<p>Une vingtaine de jeunes filles des lyc\u00e9es techniques du B\u00e9nin ont \u00e9t\u00e9 s\u00e9lectionn\u00e9es apr\u00e8s appel \u00e0 candidature pour suivre la deuxi\u00e8me s\u00e9rie de formation organis\u00e9e par la Direction de la Formation Continue et de l\u2019Innovation Technologique (DFCIT) de l\u2019ESMER avec le soutien et l\u2019accompagnement du Groupement ASEMI S.A, son partenaire de taille. Le lancement de&#8230;<\/p>\n","protected":false},"author":2,"featured_media":653,"comment_status":"closed","ping_status":"open","sticky":false,"template":"","format":"gallery","meta":{"footnotes":""},"categories":[12],"tags":[],"class_list":["post-645","post","type-post","status-publish","format-gallery","has-post-thumbnail","hentry","category-activites","post_format-post-format-gallery"],"_links":{"self":[{"href":"https:\/\/esmer-benin.org\/home\/wp-json\/wp\/v2\/posts\/645","targetHints":{"allow":["GET"]}}],"collection":[{"href":"https:\/\/esmer-benin.org\/home\/wp-json\/wp\/v2\/posts"}],"about":[{"href":"https:\/\/esmer-benin.org\/home\/wp-json\/wp\/v2\/types\/post"}],"author":[{"embeddable":true,"href":"https:\/\/esmer-benin.org\/home\/wp-json\/wp\/v2\/users\/2"}],"replies":[{"embeddable":true,"href":"https:\/\/esmer-benin.org\/home\/wp-json\/wp\/v2\/comments?post=645"}],"version-history":[{"count":3,"href":"https:\/\/esmer-benin.org\/home\/wp-json\/wp\/v2\/posts\/645\/revisions"}],"predecessor-version":[{"id":654,"href":"https:\/\/esmer-benin.org\/home\/wp-json\/wp\/v2\/posts\/645\/revisions\/654"}],"wp:featuredmedia":[{"embeddable":true,"href":"https:\/\/esmer-benin.org\/home\/wp-json\/wp\/v2\/media\/653"}],"wp:attachment":[{"href":"https:\/\/esmer-benin.org\/home\/wp-json\/wp\/v2\/media?parent=645"}],"wp:term":[{"taxonomy":"category","embeddable":true,"href":"https:\/\/esmer-benin.org\/home\/wp-json\/wp\/v2\/categories?post=645"},{"taxonomy":"post_tag","embeddable":true,"href":"https:\/\/esmer-benin.org\/home\/wp-json\/wp\/v2\/tags?post=645"}],"curies":[{"name":"wp","href":"https:\/\/api.w.org\/{rel}","templated":true}]}}