{"id":575,"date":"2016-03-18T10:50:15","date_gmt":"2016-03-18T10:50:15","guid":{"rendered":"http:\/\/www.esmer-benin.org\/?p=575"},"modified":"2016-05-11T11:22:29","modified_gmt":"2016-05-11T11:22:29","slug":"participation-de-lecole-superieure-des-metiers-des-energies-renouvelables-au-salon-des-technologies-environnementales-du-quebec-teq-2016","status":"publish","type":"post","link":"https:\/\/esmer-benin.org\/home\/participation-de-lecole-superieure-des-metiers-des-energies-renouvelables-au-salon-des-technologies-environnementales-du-quebec-teq-2016\/","title":{"rendered":"Participation de l\u2019Ecole Sup\u00e9rieure des M\u00e9tiers des Energies Renouvelables au Salon des Technologies Environnementales du Qu\u00e9bec  (TEQ 2016)"},"content":{"rendered":"<p>Du 14 Mars au 16 Mars a eu lieu la 11<sup>eme<\/sup> \u00e9dition du Salon des Technologies Environnementales du Qu\u00e9bec (TEQ 2016) \u00e0 la salle 400 C du Centre des Congr\u00e8s de Qu\u00e9bec. Deux journ\u00e9es de conf\u00e9rences enrichissantes auxquelles a particip\u00e9 l\u2019Ecole Sup\u00e9rieure des M\u00e9tiers des Energies Renouvelables (ESMER), repr\u00e9sent\u00e9e par son Pr\u00e9sident du Conseil d\u2019Administration F\u00e9lix C. EBO, invit\u00e9 \u00e0 la table d\u2019honneur, pour la pl\u00e9ni\u00e8re d\u2019ouverture.<\/p>\n<p>D\u2019importantes communications ont meubl\u00e9 les travaux du salon anim\u00e9 par des conf\u00e9renciers de haut rang. Il en ressort que des sacrifices sont indispensable pour renverser les tendances antinomiques en vue de r\u00e9sorber \u00e0 tout prix les probl\u00e8mes climatiques et environnementaux, sacrifices auxquels consentent les diff\u00e9rents organismes et associations prim\u00e9s durant ce grand rendez-vous de la Technologie environnementale.<\/p>\n<p>Monsieur F\u00e9lix C. EBO, apr\u00e8s sa participation \u00e0 ce grand rassemblement, a affirm\u00e9 \u00eatre satisfait des riches \u00e9changes qu\u2019il y a eu, et de la qualit\u00e9 des personnalit\u00e9s invit\u00e9es. Au vu de la qualit\u00e9 des hommes et des femmes de haut rang venus de l\u2019ensemble du monde avec qui il a \u00e9chang\u00e9, nous pouvons constater que l\u2019ESMER vient de faire un pas de g\u00e9ant.<\/p>\n<p>Le TEQ 2016, c\u2019est en r\u00e9sum\u00e9 pr\u00e8s de 150 exposants, 3000 participants, et 100 conf\u00e9renciers. Il est \u00e0 esp\u00e9rer que cette nouvelle exp\u00e9rience capitalis\u00e9e donne plus d\u2019impact \u00e0 l\u2019initiative \u00ab\u00a0ESMER\u00a0\u00bb lanc\u00e9e au B\u00e9nin depuis bient\u00f4t un an.<\/p>\n","protected":false},"excerpt":{"rendered":"<p>Du 14 Mars au 16 Mars a eu lieu la 11eme  \u00e9dition du Salon des Technologies Environnementales du Qu\u00e9bec (TEQ 2016) \u00e0 la salle 400 C du Centre des Congr\u00e8s de Qu\u00e9bec.<\/p>\n","protected":false},"author":2,"featured_media":576,"comment_status":"closed","ping_status":"open","sticky":false,"template":"","format":"standard","meta":{"footnotes":""},"categories":[12],"tags":[],"class_list":["post-575","post","type-post","status-publish","format-standard","has-post-thumbnail","hentry","category-activites"],"_links":{"self":[{"href":"https:\/\/esmer-benin.org\/home\/wp-json\/wp\/v2\/posts\/575","targetHints":{"allow":["GET"]}}],"collection":[{"href":"https:\/\/esmer-benin.org\/home\/wp-json\/wp\/v2\/posts"}],"about":[{"href":"https:\/\/esmer-benin.org\/home\/wp-json\/wp\/v2\/types\/post"}],"author":[{"embeddable":true,"href":"https:\/\/esmer-benin.org\/home\/wp-json\/wp\/v2\/users\/2"}],"replies":[{"embeddable":true,"href":"https:\/\/esmer-benin.org\/home\/wp-json\/wp\/v2\/comments?post=575"}],"version-history":[{"count":1,"href":"https:\/\/esmer-benin.org\/home\/wp-json\/wp\/v2\/posts\/575\/revisions"}],"predecessor-version":[{"id":578,"href":"https:\/\/esmer-benin.org\/home\/wp-json\/wp\/v2\/posts\/575\/revisions\/578"}],"wp:featuredmedia":[{"embeddable":true,"href":"https:\/\/esmer-benin.org\/home\/wp-json\/wp\/v2\/media\/576"}],"wp:attachment":[{"href":"https:\/\/esmer-benin.org\/home\/wp-json\/wp\/v2\/media?parent=575"}],"wp:term":[{"taxonomy":"category","embeddable":true,"href":"https:\/\/esmer-benin.org\/home\/wp-json\/wp\/v2\/categories?post=575"},{"taxonomy":"post_tag","embeddable":true,"href":"https:\/\/esmer-benin.org\/home\/wp-json\/wp\/v2\/tags?post=575"}],"curies":[{"name":"wp","href":"https:\/\/api.w.org\/{rel}","templated":true}]}}