{"id":547,"date":"2016-01-04T16:13:59","date_gmt":"2016-01-04T16:13:59","guid":{"rendered":"http:\/\/www.esmer-benin.org\/?p=547"},"modified":"2016-05-11T11:20:45","modified_gmt":"2016-05-11T11:20:45","slug":"lancement-officiel-de-la-rentree-universitaire-2015-2016-a-lesmer","status":"publish","type":"post","link":"https:\/\/esmer-benin.org\/home\/lancement-officiel-de-la-rentree-universitaire-2015-2016-a-lesmer\/","title":{"rendered":"Lancement Officiel de la Rentr\u00e9e Universitaire 2015-2016 \u00e0 l\u2019ESMER"},"content":{"rendered":"<p>Le Lundi 04 Janvier 2016, a eu lieu \u00e0 la Grande Salle de la Formation Continue de l\u2019ESMER, la c\u00e9r\u00e9monie officielle de lancement de la rentr\u00e9e Universitaire 2015-2016. Sous la direction effective du Pr\u00e9sident du Conseil Scientifique et P\u00e9dagogique, le Professeur Yao AZOUMAH, entour\u00e9 \u00e0 l\u2019occasion du Repr\u00e9sentant du Pr\u00e9sident du Conseil d&rsquo;Administration, Monsieur DJAITO Bertin, du Vice-Pr\u00e9sident charg\u00e9 de la P\u00e9dagogie et de la Coordination des Enseignements, Monsieur DOGNON Z\u00e9phyrin, et du Vice-Pr\u00e9sident charg\u00e9 de la Gestion Administrative et Financi\u00e8re, Monsieur TCHEGNONSI Henri. La c\u00e9r\u00e9monie a connu la participation des nouveaux \u00e9tudiants et de l\u2019ensemble du personnel.<\/p>\n<p>C\u2019est avec beaucoup d\u2019\u00e9motion que les deux parties se sont pr\u00e9sent\u00e9es les meilleurs v\u0153ux. L\u2019administration n\u2019a pas manqu\u00e9 de faire part de toute sa gratitude aux \u00e9tudiants inscrits pour leur choix port\u00e9 sur l\u2019ESMER. Elle a profit\u00e9 de l\u2019occasion pour pr\u00e9senter l\u2019institution universitaire, l\u2019objectif poursuivi \u00e0 travers sa cr\u00e9ation, les diff\u00e9rentes offres de formations propos\u00e9es et les d\u00e9bouch\u00e9s professionnels. L\u2019environnement dans lequel se d\u00e9rouleront les cours et les travaux dirig\u00e9s a \u00e9t\u00e9 aussi aux termes des \u00e9changes.<\/p>\n<p>La c\u00e9r\u00e9monie de lancement officiel de la rentr\u00e9e \u00e0 l\u2019ESMER a \u00e9t\u00e9 rehauss\u00e9e de la pr\u00e9sence du Directeur de l\u2019Energie de l\u2019UEMOA Monsieur HOUNKANRIN Roger, venu pour la circonstance manifester tout son accompagnement \u00e0 la nouvelle institution universitaire, premi\u00e8re dans la sous-r\u00e9gion \u00e0 offrir des formations exclusivement d\u00e9di\u00e9es aux \u00e9nergies renouvelables. Ce dernier n\u2019a pas manqu\u00e9 de f\u00e9liciter les \u00e9tudiants pour le choix port\u00e9 sur la nouvelle universit\u00e9 priv\u00e9e, ce qui augure de lendemains meilleurs non seulement pour le B\u00e9nin, pour la Zone UEMOA, pour l\u2019Afrique mais aussi pour le monde.<\/p>\n\n\t\t<style type=\"text\/css\">\n\t\t\t#gallery-1 {\n\t\t\t\tmargin: auto;\n\t\t\t}\n\t\t\t#gallery-1 .gallery-item {\n\t\t\t\tfloat: left;\n\t\t\t\tmargin-top: 10px;\n\t\t\t\ttext-align: center;\n\t\t\t\twidth: 50%;\n\t\t\t}\n\t\t\t#gallery-1 img {\n\t\t\t\tborder: 2px solid #cfcfcf;\n\t\t\t}\n\t\t\t#gallery-1 .gallery-caption {\n\t\t\t\tmargin-left: 0;\n\t\t\t}\n\t\t\t\/* see gallery_shortcode() in wp-includes\/media.php *\/\n\t\t<\/style>\n\t\t<div id='gallery-1' class='gallery galleryid-547 gallery-columns-2 gallery-size-medium'><dl class='gallery-item'>\n\t\t\t<dt class='gallery-icon landscape'>\n\t\t\t\t<a href='https:\/\/esmer-benin.org\/home\/lancement-officiel-de-la-rentree-universitaire-2015-2016-a-lesmer\/olympus-digital-camera-20\/'><img loading=\"lazy\" decoding=\"async\" width=\"300\" height=\"234\" src=\"https:\/\/esmer-benin.org\/home\/wp-content\/uploads\/2016\/01\/P1041380-300x234.jpg\" class=\"attachment-medium size-medium\" alt=\"\" aria-describedby=\"gallery-1-554\" srcset=\"https:\/\/esmer-benin.org\/home\/wp-content\/uploads\/2016\/01\/P1041380-300x234.jpg 300w, https:\/\/esmer-benin.org\/home\/wp-content\/uploads\/2016\/01\/P1041380-150x117.jpg 150w, https:\/\/esmer-benin.org\/home\/wp-content\/uploads\/2016\/01\/P1041380-768x600.jpg 768w, https:\/\/esmer-benin.org\/home\/wp-content\/uploads\/2016\/01\/P1041380-1024x799.jpg 1024w\" sizes=\"auto, (max-width: 300px) 100vw, 300px\" \/><\/a>\n\t\t\t<\/dt>\n\t\t\t\t<dd class='wp-caption-text gallery-caption' id='gallery-1-554'>\n\t\t\t\tA droite: Le Directeur de l\u2019Energie de l\u2019UEMOA, Monsieur HOUNKANRIN Roger\nA gauche: M. CODJO Gratien, Le Directeur Technique du GROUPEMENT ASEMI, un des grands partenaires d&rsquo;ESMER\n\t\t\t\t<\/dd><\/dl><dl class='gallery-item'>\n\t\t\t<dt class='gallery-icon landscape'>\n\t\t\t\t<a href='https:\/\/esmer-benin.org\/home\/lancement-officiel-de-la-rentree-universitaire-2015-2016-a-lesmer\/olympus-digital-camera-19\/'><img loading=\"lazy\" decoding=\"async\" width=\"300\" height=\"147\" src=\"https:\/\/esmer-benin.org\/home\/wp-content\/uploads\/2016\/01\/P1041360-300x147.jpg\" class=\"attachment-medium size-medium\" alt=\"\" srcset=\"https:\/\/esmer-benin.org\/home\/wp-content\/uploads\/2016\/01\/P1041360-300x147.jpg 300w, https:\/\/esmer-benin.org\/home\/wp-content\/uploads\/2016\/01\/P1041360-150x74.jpg 150w, https:\/\/esmer-benin.org\/home\/wp-content\/uploads\/2016\/01\/P1041360-768x377.jpg 768w, https:\/\/esmer-benin.org\/home\/wp-content\/uploads\/2016\/01\/P1041360-1024x503.jpg 1024w\" sizes=\"auto, (max-width: 300px) 100vw, 300px\" \/><\/a>\n\t\t\t<\/dt><\/dl><br style=\"clear: both\" \/><dl class='gallery-item'>\n\t\t\t<dt class='gallery-icon landscape'>\n\t\t\t\t<a href='https:\/\/esmer-benin.org\/home\/lancement-officiel-de-la-rentree-universitaire-2015-2016-a-lesmer\/olympus-digital-camera-18\/'><img loading=\"lazy\" decoding=\"async\" width=\"300\" height=\"216\" src=\"https:\/\/esmer-benin.org\/home\/wp-content\/uploads\/2016\/01\/P1041347-300x216.jpg\" class=\"attachment-medium size-medium\" alt=\"\" aria-describedby=\"gallery-1-552\" srcset=\"https:\/\/esmer-benin.org\/home\/wp-content\/uploads\/2016\/01\/P1041347-300x216.jpg 300w, https:\/\/esmer-benin.org\/home\/wp-content\/uploads\/2016\/01\/P1041347-150x108.jpg 150w, https:\/\/esmer-benin.org\/home\/wp-content\/uploads\/2016\/01\/P1041347-768x552.jpg 768w, https:\/\/esmer-benin.org\/home\/wp-content\/uploads\/2016\/01\/P1041347-1024x736.jpg 1024w\" sizes=\"auto, (max-width: 300px) 100vw, 300px\" \/><\/a>\n\t\t\t<\/dt>\n\t\t\t\t<dd class='wp-caption-text gallery-caption' id='gallery-1-552'>\n\t\t\t\tA gauche: Le Directeur de l\u2019Energie de l\u2019UEMOA, Monsieur HOUNKANRIN Roger\nA droite: M. DJA\u00cfTO Bertin, Repr\u00e9sentant du P. C. A.\n\t\t\t\t<\/dd><\/dl><dl class='gallery-item'>\n\t\t\t<dt class='gallery-icon landscape'>\n\t\t\t\t<a href='https:\/\/esmer-benin.org\/home\/lancement-officiel-de-la-rentree-universitaire-2015-2016-a-lesmer\/olympus-digital-camera-17\/'><img loading=\"lazy\" decoding=\"async\" width=\"300\" height=\"225\" src=\"https:\/\/esmer-benin.org\/home\/wp-content\/uploads\/2016\/01\/P1041254-300x225.jpg\" class=\"attachment-medium size-medium\" alt=\"\" aria-describedby=\"gallery-1-551\" srcset=\"https:\/\/esmer-benin.org\/home\/wp-content\/uploads\/2016\/01\/P1041254-300x225.jpg 300w, https:\/\/esmer-benin.org\/home\/wp-content\/uploads\/2016\/01\/P1041254-150x113.jpg 150w, https:\/\/esmer-benin.org\/home\/wp-content\/uploads\/2016\/01\/P1041254-768x576.jpg 768w, https:\/\/esmer-benin.org\/home\/wp-content\/uploads\/2016\/01\/P1041254-1024x768.jpg 1024w\" sizes=\"auto, (max-width: 300px) 100vw, 300px\" \/><\/a>\n\t\t\t<\/dt>\n\t\t\t\t<dd class='wp-caption-text gallery-caption' id='gallery-1-551'>\n\t\t\t\tDe la gauche \u00e0 la droite: Professeur Yao AZOUMAH; Monsieur DJA\u00cfTO Bertin Repr\u00e9sentant du Pr\u00e9sident du Conseil d&rsquo;Administration; le Vice-Pr\u00e9sident charg\u00e9 de la P\u00e9dagogie et de la Coordination des Enseignements en la personne de Monsieur DOGNON Z\u00e9phyrin, et du Vice-Pr\u00e9sident charg\u00e9 de la Gestion Administrative et Financi\u00e8re Monsieur TCHEGNONSI Henri\n\t\t\t\t<\/dd><\/dl><br style=\"clear: both\" \/>\n\t\t<\/div>\n\n","protected":false},"excerpt":{"rendered":"<p>Le Lundi 04 Janvier 2016, a eu lieu \u00e0 la Grande Salle de la Formation Continue de l\u2019ESMER, la c\u00e9r\u00e9monie officielle de lancement de la rentr\u00e9e Universitaire 2015-2016. Sous la direction effective du Pr\u00e9sident du Conseil Scientifique et P\u00e9dagogique, le Professeur Yao AZOUMAH, entour\u00e9 \u00e0 l\u2019occasion du Repr\u00e9sentant du Pr\u00e9sident du Conseil d&rsquo;Administration, Monsieur DJAITO&#8230;<\/p>\n","protected":false},"author":2,"featured_media":563,"comment_status":"closed","ping_status":"open","sticky":false,"template":"","format":"gallery","meta":{"footnotes":""},"categories":[12],"tags":[],"class_list":["post-547","post","type-post","status-publish","format-gallery","has-post-thumbnail","hentry","category-activites","post_format-post-format-gallery"],"_links":{"self":[{"href":"https:\/\/esmer-benin.org\/home\/wp-json\/wp\/v2\/posts\/547","targetHints":{"allow":["GET"]}}],"collection":[{"href":"https:\/\/esmer-benin.org\/home\/wp-json\/wp\/v2\/posts"}],"about":[{"href":"https:\/\/esmer-benin.org\/home\/wp-json\/wp\/v2\/types\/post"}],"author":[{"embeddable":true,"href":"https:\/\/esmer-benin.org\/home\/wp-json\/wp\/v2\/users\/2"}],"replies":[{"embeddable":true,"href":"https:\/\/esmer-benin.org\/home\/wp-json\/wp\/v2\/comments?post=547"}],"version-history":[{"count":6,"href":"https:\/\/esmer-benin.org\/home\/wp-json\/wp\/v2\/posts\/547\/revisions"}],"predecessor-version":[{"id":613,"href":"https:\/\/esmer-benin.org\/home\/wp-json\/wp\/v2\/posts\/547\/revisions\/613"}],"wp:featuredmedia":[{"embeddable":true,"href":"https:\/\/esmer-benin.org\/home\/wp-json\/wp\/v2\/media\/563"}],"wp:attachment":[{"href":"https:\/\/esmer-benin.org\/home\/wp-json\/wp\/v2\/media?parent=547"}],"wp:term":[{"taxonomy":"category","embeddable":true,"href":"https:\/\/esmer-benin.org\/home\/wp-json\/wp\/v2\/categories?post=547"},{"taxonomy":"post_tag","embeddable":true,"href":"https:\/\/esmer-benin.org\/home\/wp-json\/wp\/v2\/tags?post=547"}],"curies":[{"name":"wp","href":"https:\/\/api.w.org\/{rel}","templated":true}]}}