{"id":530,"date":"2015-12-13T15:59:38","date_gmt":"2015-12-13T15:59:38","guid":{"rendered":"http:\/\/www.esmer-benin.org\/?p=530"},"modified":"2016-05-11T11:19:51","modified_gmt":"2016-05-11T11:19:51","slug":"reunion-du-premier-conseil-scientifique-et-pedagogique-2","status":"publish","type":"post","link":"https:\/\/esmer-benin.org\/home\/reunion-du-premier-conseil-scientifique-et-pedagogique-2\/","title":{"rendered":"R\u00e9union du Premier Conseil Scientifique et P\u00e9dagogique"},"content":{"rendered":"<p>Les 11 et 12 D\u00e9cembre 2015 s\u2019est tenue \u00e0 la salle de r\u00e9union de l\u2019Ecole Sup\u00e9rieure des M\u00e9tiers des Energies Renouvelables (ESMER), la r\u00e9union du premier Conseil Scientifique et P\u00e9dagogique de ladite \u00e9cole.<\/p>\n<p>Cette r\u00e9union qui a connu la participation d\u2019\u00e9minents professeurs venus des Universit\u00e9s de FRANCE (Rennes 1, Perpignan, Toulouse), d\u2019AUTRICHE (Institut LINZ de Vienne), du GHANA, d\u2019ALGERIE, du CAMEROUN, du BURKINA-FASO et du BENIN (Universit\u00e9 d\u2019Abomey-Calavi) a permis l\u2019audit les diff\u00e9rents curricula, l\u2019\u00e9tude des diff\u00e9rentes offres de formation propos\u00e9es, et enfin l\u2019examen des ressources logistiques et p\u00e9dagogiques dont dispose l\u2019institution universitaire.<\/p>\n<p>Ces travaux \u00e9taient d\u2019une importance capitale pour l\u2019\u00e9cole, la premi\u00e8re du genre au B\u00e9nin et dans la sous-r\u00e9gion, car ils ont permis d\u2019asseoir l\u2019institution sur des bases scientifiques de tr\u00e8s haut niveau en ad\u00e9quation avec les exigences acad\u00e9miques internationales.<\/p>\n\n\t\t<style type=\"text\/css\">\n\t\t\t#gallery-1 {\n\t\t\t\tmargin: auto;\n\t\t\t}\n\t\t\t#gallery-1 .gallery-item {\n\t\t\t\tfloat: left;\n\t\t\t\tmargin-top: 10px;\n\t\t\t\ttext-align: center;\n\t\t\t\twidth: 33%;\n\t\t\t}\n\t\t\t#gallery-1 img {\n\t\t\t\tborder: 2px solid #cfcfcf;\n\t\t\t}\n\t\t\t#gallery-1 .gallery-caption {\n\t\t\t\tmargin-left: 0;\n\t\t\t}\n\t\t\t\/* see gallery_shortcode() in wp-includes\/media.php *\/\n\t\t<\/style>\n\t\t<div id='gallery-1' class='gallery galleryid-530 gallery-columns-3 gallery-size-medium'><dl class='gallery-item'>\n\t\t\t<dt class='gallery-icon landscape'>\n\t\t\t\t<a href='https:\/\/esmer-benin.org\/home\/olympus-digital-camera-10\/'><img loading=\"lazy\" decoding=\"async\" width=\"300\" height=\"169\" src=\"https:\/\/esmer-benin.org\/home\/wp-content\/uploads\/2015\/12\/PC110806-2-300x169.jpg\" class=\"attachment-medium size-medium\" alt=\"\" aria-describedby=\"gallery-1-464\" srcset=\"https:\/\/esmer-benin.org\/home\/wp-content\/uploads\/2015\/12\/PC110806-2-300x169.jpg 300w, https:\/\/esmer-benin.org\/home\/wp-content\/uploads\/2015\/12\/PC110806-2-150x84.jpg 150w, https:\/\/esmer-benin.org\/home\/wp-content\/uploads\/2015\/12\/PC110806-2-1024x576.jpg 1024w\" sizes=\"auto, (max-width: 300px) 100vw, 300px\" \/><\/a>\n\t\t\t<\/dt>\n\t\t\t\t<dd class='wp-caption-text gallery-caption' id='gallery-1-464'>\n\t\t\t\tLe Pr\u00e9sident du CSP\n\t\t\t\t<\/dd><\/dl><dl class='gallery-item'>\n\t\t\t<dt class='gallery-icon landscape'>\n\t\t\t\t<a href='https:\/\/esmer-benin.org\/home\/olympus-digital-camera-12\/'><img loading=\"lazy\" decoding=\"async\" width=\"300\" height=\"169\" src=\"https:\/\/esmer-benin.org\/home\/wp-content\/uploads\/2015\/12\/PC110832-2-300x169.jpg\" class=\"attachment-medium size-medium\" alt=\"\" aria-describedby=\"gallery-1-466\" srcset=\"https:\/\/esmer-benin.org\/home\/wp-content\/uploads\/2015\/12\/PC110832-2-300x169.jpg 300w, https:\/\/esmer-benin.org\/home\/wp-content\/uploads\/2015\/12\/PC110832-2-150x84.jpg 150w, https:\/\/esmer-benin.org\/home\/wp-content\/uploads\/2015\/12\/PC110832-2-1024x576.jpg 1024w\" sizes=\"auto, (max-width: 300px) 100vw, 300px\" \/><\/a>\n\t\t\t<\/dt>\n\t\t\t\t<dd class='wp-caption-text gallery-caption' id='gallery-1-466'>\n\t\t\t\tRepr\u00e9sentant du Pr\u00e9sident Directeur G\u00e9n\u00e9ral\n\t\t\t\t<\/dd><\/dl><dl class='gallery-item'>\n\t\t\t<dt class='gallery-icon landscape'>\n\t\t\t\t<a href='https:\/\/esmer-benin.org\/home\/olympus-digital-camera-11\/'><img loading=\"lazy\" decoding=\"async\" width=\"300\" height=\"169\" src=\"https:\/\/esmer-benin.org\/home\/wp-content\/uploads\/2015\/12\/PC110857-2-300x169.jpg\" class=\"attachment-medium size-medium\" alt=\"\" srcset=\"https:\/\/esmer-benin.org\/home\/wp-content\/uploads\/2015\/12\/PC110857-2-300x169.jpg 300w, https:\/\/esmer-benin.org\/home\/wp-content\/uploads\/2015\/12\/PC110857-2-150x84.jpg 150w, https:\/\/esmer-benin.org\/home\/wp-content\/uploads\/2015\/12\/PC110857-2-1024x576.jpg 1024w\" sizes=\"auto, (max-width: 300px) 100vw, 300px\" \/><\/a>\n\t\t\t<\/dt><\/dl><br style=\"clear: both\" \/><dl class='gallery-item'>\n\t\t\t<dt class='gallery-icon landscape'>\n\t\t\t\t<a href='https:\/\/esmer-benin.org\/home\/olympus-digital-camera-9\/'><img loading=\"lazy\" decoding=\"async\" width=\"300\" height=\"169\" src=\"https:\/\/esmer-benin.org\/home\/wp-content\/uploads\/2015\/12\/PC121109-300x169.jpg\" class=\"attachment-medium size-medium\" alt=\"\" aria-describedby=\"gallery-1-463\" srcset=\"https:\/\/esmer-benin.org\/home\/wp-content\/uploads\/2015\/12\/PC121109-300x169.jpg 300w, https:\/\/esmer-benin.org\/home\/wp-content\/uploads\/2015\/12\/PC121109-150x84.jpg 150w, https:\/\/esmer-benin.org\/home\/wp-content\/uploads\/2015\/12\/PC121109-1024x576.jpg 1024w\" sizes=\"auto, (max-width: 300px) 100vw, 300px\" \/><\/a>\n\t\t\t<\/dt>\n\t\t\t\t<dd class='wp-caption-text gallery-caption' id='gallery-1-463'>\n\t\t\t\tVisioconf\u00e9rence avec le PDG\n\t\t\t\t<\/dd><\/dl><dl class='gallery-item'>\n\t\t\t<dt class='gallery-icon landscape'>\n\t\t\t\t<a href='https:\/\/esmer-benin.org\/home\/olympus-digital-camera-13\/'><img loading=\"lazy\" decoding=\"async\" width=\"300\" height=\"140\" src=\"https:\/\/esmer-benin.org\/home\/wp-content\/uploads\/2015\/12\/PC121184-300x140.jpg\" class=\"attachment-medium size-medium\" alt=\"\" aria-describedby=\"gallery-1-467\" srcset=\"https:\/\/esmer-benin.org\/home\/wp-content\/uploads\/2015\/12\/PC121184-300x140.jpg 300w, https:\/\/esmer-benin.org\/home\/wp-content\/uploads\/2015\/12\/PC121184-150x70.jpg 150w, https:\/\/esmer-benin.org\/home\/wp-content\/uploads\/2015\/12\/PC121184-1024x478.jpg 1024w\" sizes=\"auto, (max-width: 300px) 100vw, 300px\" \/><\/a>\n\t\t\t<\/dt>\n\t\t\t\t<dd class='wp-caption-text gallery-caption' id='gallery-1-467'>\n\t\t\t\tPhoto de famille (CSP)\n\t\t\t\t<\/dd><\/dl><dl class='gallery-item'>\n\t\t\t<dt class='gallery-icon landscape'>\n\t\t\t\t<a href='https:\/\/esmer-benin.org\/home\/reunion-du-premier-conseil-scientifique-et-pedagogique-2\/olympus-digital-camera-14\/'><img loading=\"lazy\" decoding=\"async\" width=\"300\" height=\"169\" src=\"https:\/\/esmer-benin.org\/home\/wp-content\/uploads\/2015\/12\/PC110976-300x169.jpg\" class=\"attachment-medium size-medium\" alt=\"\" srcset=\"https:\/\/esmer-benin.org\/home\/wp-content\/uploads\/2015\/12\/PC110976-300x169.jpg 300w, https:\/\/esmer-benin.org\/home\/wp-content\/uploads\/2015\/12\/PC110976-150x84.jpg 150w, https:\/\/esmer-benin.org\/home\/wp-content\/uploads\/2015\/12\/PC110976-768x432.jpg 768w, https:\/\/esmer-benin.org\/home\/wp-content\/uploads\/2015\/12\/PC110976-1024x576.jpg 1024w\" sizes=\"auto, (max-width: 300px) 100vw, 300px\" \/><\/a>\n\t\t\t<\/dt><\/dl><br style=\"clear: both\" \/>\n\t\t<\/div>\n\n","protected":false},"excerpt":{"rendered":"<p>Cette r\u00e9union qui a connu la participation d\u2019\u00e9minents professeurs venus des Universit\u00e9s de FRANCE (Rennes 1, Perpignan, Toulouse), d\u2019AUTRICHE (Institut LINZ de Vienne), du GHANA, d\u2019ALGERIE, du CAMEROUN, du BURKINA-FASO et du BENIN (Universit\u00e9 d\u2019Abomey-Calavi)<\/p>\n","protected":false},"author":2,"featured_media":531,"comment_status":"closed","ping_status":"open","sticky":false,"template":"","format":"gallery","meta":{"footnotes":""},"categories":[12],"tags":[],"class_list":["post-530","post","type-post","status-publish","format-gallery","has-post-thumbnail","hentry","category-activites","post_format-post-format-gallery"],"_links":{"self":[{"href":"https:\/\/esmer-benin.org\/home\/wp-json\/wp\/v2\/posts\/530","targetHints":{"allow":["GET"]}}],"collection":[{"href":"https:\/\/esmer-benin.org\/home\/wp-json\/wp\/v2\/posts"}],"about":[{"href":"https:\/\/esmer-benin.org\/home\/wp-json\/wp\/v2\/types\/post"}],"author":[{"embeddable":true,"href":"https:\/\/esmer-benin.org\/home\/wp-json\/wp\/v2\/users\/2"}],"replies":[{"embeddable":true,"href":"https:\/\/esmer-benin.org\/home\/wp-json\/wp\/v2\/comments?post=530"}],"version-history":[{"count":1,"href":"https:\/\/esmer-benin.org\/home\/wp-json\/wp\/v2\/posts\/530\/revisions"}],"predecessor-version":[{"id":532,"href":"https:\/\/esmer-benin.org\/home\/wp-json\/wp\/v2\/posts\/530\/revisions\/532"}],"wp:featuredmedia":[{"embeddable":true,"href":"https:\/\/esmer-benin.org\/home\/wp-json\/wp\/v2\/media\/531"}],"wp:attachment":[{"href":"https:\/\/esmer-benin.org\/home\/wp-json\/wp\/v2\/media?parent=530"}],"wp:term":[{"taxonomy":"category","embeddable":true,"href":"https:\/\/esmer-benin.org\/home\/wp-json\/wp\/v2\/categories?post=530"},{"taxonomy":"post_tag","embeddable":true,"href":"https:\/\/esmer-benin.org\/home\/wp-json\/wp\/v2\/tags?post=530"}],"curies":[{"name":"wp","href":"https:\/\/api.w.org\/{rel}","templated":true}]}}