{"id":522,"date":"2015-12-13T15:23:25","date_gmt":"2015-12-13T15:23:25","guid":{"rendered":"http:\/\/www.esmer-benin.org\/?p=522"},"modified":"2016-05-11T11:18:41","modified_gmt":"2016-05-11T11:18:41","slug":"ceremonie-douverture-de-la-reunion-du-premier-conseil-scientifique-et-pedagogique","status":"publish","type":"post","link":"https:\/\/esmer-benin.org\/home\/ceremonie-douverture-de-la-reunion-du-premier-conseil-scientifique-et-pedagogique\/","title":{"rendered":"C\u00e9r\u00e9monie d\u2019ouverture de la r\u00e9union du Premier conseil Scientifique et P\u00e9dagogique"},"content":{"rendered":"<p>Le vendredi 11 D\u00e9cembre 2015, en pr\u00e9lude \u00e0 la premi\u00e8re session du Conseil Scientifique et P\u00e9dagogique de ESMER, il a \u00e9t\u00e9 proc\u00e9d\u00e9 \u00e0 une c\u00e9r\u00e9monie officielle de lancement des activit\u00e9s dudit conseil devant un parterre de journalistes. Cette c\u00e9r\u00e9monie officielle a \u00e9t\u00e9 rehauss\u00e9e par la pr\u00e9sence des autorit\u00e9s nationales :<br \/>\n&#8211; le Directeur des \u00c9tablissements Priv\u00e9s d\u2019Enseignement Sup\u00e9rieur (DEPES), repr\u00e9sentant du Vice-Ministre de l\u2019Enseignement Sup\u00e9rieur et de la Recherche Scientifique ;<br \/>\n&#8211; la repr\u00e9sentante du Directeur de Cabinet du Vice-Ministre de l\u2019Enseignement Sup\u00e9rieur et de la Recherche Scientifique ;<br \/>\n&#8211; le Repr\u00e9sentant du Recteur de l\u2019Universit\u00e9 d\u2019Abomey Calavi ;<br \/>\n&#8211; le Directeur de l\u2019Agence B\u00e9ninoise pour l\u2019Environnement ;<br \/>\n&#8211; le Secr\u00e9taire G\u00e9n\u00e9ral du Minist\u00e8re de l\u2019\u00c9nergie ;<br \/>\n&#8211; le repr\u00e9sentant du Maire de la commune d\u2019Abomey-Calavi, le Premier Adjoint au Maire.<br \/>\nDes allocutions des diff\u00e9rentes personnalit\u00e9s, un point revient sans cesse : l\u2019ouverture d\u2019une telle \u00e9cole (exclusivement d\u00e9di\u00e9e \u00e0 la formation des acteurs de la mise en \u0153uvre du processus de la transition \u00e9nerg\u00e9tique de nos pays), au moment o\u00f9 la terre enti\u00e8re subit les affres de la crise \u00e9nerg\u00e9tique et du changement climatique, est une opportunit\u00e9 exceptionnelle.<br \/>\nEn effet, les diff\u00e9rentes offres de formation sont d\u2019un int\u00e9r\u00eat certain pour le d\u00e9veloppement technologique du B\u00e9nin et des autres pays de notre sous-r\u00e9gion. Elles objectivent en effet, la maitrise de l\u2019\u00e9nergie et surtout le d\u00e9veloppement des \u00e9nergies renouvelables. A ce propos, un des points forts des allocutions du Pr\u00e9sident du Conseil Scientifique et P\u00e9dagogique (CSP), fut cette paraphrase \u00e9minemment \u00e9loquente : \u00ab Si vous trouvez que les \u00e9nergies renouvelables co\u00fbtent ch\u00e8res, essayez les d\u00e9lestages et les cons\u00e9quences des changements climatiques \u00bb.<\/p>\n\n\t\t<style type=\"text\/css\">\n\t\t\t#gallery-1 {\n\t\t\t\tmargin: auto;\n\t\t\t}\n\t\t\t#gallery-1 .gallery-item {\n\t\t\t\tfloat: left;\n\t\t\t\tmargin-top: 10px;\n\t\t\t\ttext-align: center;\n\t\t\t\twidth: 33%;\n\t\t\t}\n\t\t\t#gallery-1 img {\n\t\t\t\tborder: 2px solid #cfcfcf;\n\t\t\t}\n\t\t\t#gallery-1 .gallery-caption {\n\t\t\t\tmargin-left: 0;\n\t\t\t}\n\t\t\t\/* see gallery_shortcode() in wp-includes\/media.php *\/\n\t\t<\/style>\n\t\t<div id='gallery-1' class='gallery galleryid-522 gallery-columns-3 gallery-size-medium'><dl class='gallery-item'>\n\t\t\t<dt class='gallery-icon landscape'>\n\t\t\t\t<a href='https:\/\/esmer-benin.org\/home\/olympus-digital-camera-6\/'><img loading=\"lazy\" decoding=\"async\" width=\"300\" height=\"169\" src=\"https:\/\/esmer-benin.org\/home\/wp-content\/uploads\/2015\/12\/PC110863-300x169.jpg\" class=\"attachment-medium size-medium\" alt=\"\" srcset=\"https:\/\/esmer-benin.org\/home\/wp-content\/uploads\/2015\/12\/PC110863-300x169.jpg 300w, https:\/\/esmer-benin.org\/home\/wp-content\/uploads\/2015\/12\/PC110863-150x84.jpg 150w, https:\/\/esmer-benin.org\/home\/wp-content\/uploads\/2015\/12\/PC110863-1024x576.jpg 1024w\" sizes=\"auto, (max-width: 300px) 100vw, 300px\" \/><\/a>\n\t\t\t<\/dt><\/dl><dl class='gallery-item'>\n\t\t\t<dt class='gallery-icon landscape'>\n\t\t\t\t<a href='https:\/\/esmer-benin.org\/home\/olympus-digital-camera-3\/'><img loading=\"lazy\" decoding=\"async\" width=\"300\" height=\"169\" src=\"https:\/\/esmer-benin.org\/home\/wp-content\/uploads\/2015\/12\/PC110924-300x169.jpg\" class=\"attachment-medium size-medium\" alt=\"\" srcset=\"https:\/\/esmer-benin.org\/home\/wp-content\/uploads\/2015\/12\/PC110924-300x169.jpg 300w, https:\/\/esmer-benin.org\/home\/wp-content\/uploads\/2015\/12\/PC110924-150x84.jpg 150w, https:\/\/esmer-benin.org\/home\/wp-content\/uploads\/2015\/12\/PC110924-1024x576.jpg 1024w\" sizes=\"auto, (max-width: 300px) 100vw, 300px\" \/><\/a>\n\t\t\t<\/dt><\/dl><dl class='gallery-item'>\n\t\t\t<dt class='gallery-icon landscape'>\n\t\t\t\t<a href='https:\/\/esmer-benin.org\/home\/olympus-digital-camera-8\/'><img loading=\"lazy\" decoding=\"async\" width=\"300\" height=\"169\" src=\"https:\/\/esmer-benin.org\/home\/wp-content\/uploads\/2015\/12\/PC111009-300x169.jpg\" class=\"attachment-medium size-medium\" alt=\"\" srcset=\"https:\/\/esmer-benin.org\/home\/wp-content\/uploads\/2015\/12\/PC111009-300x169.jpg 300w, https:\/\/esmer-benin.org\/home\/wp-content\/uploads\/2015\/12\/PC111009-150x84.jpg 150w, https:\/\/esmer-benin.org\/home\/wp-content\/uploads\/2015\/12\/PC111009-1024x576.jpg 1024w\" sizes=\"auto, (max-width: 300px) 100vw, 300px\" \/><\/a>\n\t\t\t<\/dt><\/dl><br style=\"clear: both\" \/>\n\t\t<\/div>\n\n<p><iframe loading=\"lazy\" title=\"ORTB CSP 11 12 15\" width=\"500\" height=\"281\" src=\"https:\/\/www.youtube.com\/embed\/4PKBgRqTUzM?feature=oembed\" frameborder=\"0\" allow=\"accelerometer; autoplay; clipboard-write; encrypted-media; gyroscope; picture-in-picture; web-share\" referrerpolicy=\"strict-origin-when-cross-origin\" allowfullscreen><\/iframe><\/p>\n","protected":false},"excerpt":{"rendered":"<p>Le vendredi 11 D\u00e9cembre 2015, en pr\u00e9lude \u00e0 la premi\u00e8re session du Conseil Scientifique et P\u00e9dagogique de ESMER, il a \u00e9t\u00e9 proc\u00e9d\u00e9 \u00e0 une c\u00e9r\u00e9monie officielle de lancement des activit\u00e9s dudit conseil devant un parterre de journalistes. Cette c\u00e9r\u00e9monie officielle a \u00e9t\u00e9 rehauss\u00e9e par la pr\u00e9sence des autorit\u00e9s nationales : &#8211; le Directeur des \u00c9tablissements&#8230;<\/p>\n","protected":false},"author":2,"featured_media":457,"comment_status":"closed","ping_status":"open","sticky":false,"template":"","format":"gallery","meta":{"footnotes":""},"categories":[12],"tags":[],"class_list":["post-522","post","type-post","status-publish","format-gallery","has-post-thumbnail","hentry","category-activites","post_format-post-format-gallery"],"_links":{"self":[{"href":"https:\/\/esmer-benin.org\/home\/wp-json\/wp\/v2\/posts\/522","targetHints":{"allow":["GET"]}}],"collection":[{"href":"https:\/\/esmer-benin.org\/home\/wp-json\/wp\/v2\/posts"}],"about":[{"href":"https:\/\/esmer-benin.org\/home\/wp-json\/wp\/v2\/types\/post"}],"author":[{"embeddable":true,"href":"https:\/\/esmer-benin.org\/home\/wp-json\/wp\/v2\/users\/2"}],"replies":[{"embeddable":true,"href":"https:\/\/esmer-benin.org\/home\/wp-json\/wp\/v2\/comments?post=522"}],"version-history":[{"count":5,"href":"https:\/\/esmer-benin.org\/home\/wp-json\/wp\/v2\/posts\/522\/revisions"}],"predecessor-version":[{"id":533,"href":"https:\/\/esmer-benin.org\/home\/wp-json\/wp\/v2\/posts\/522\/revisions\/533"}],"wp:featuredmedia":[{"embeddable":true,"href":"https:\/\/esmer-benin.org\/home\/wp-json\/wp\/v2\/media\/457"}],"wp:attachment":[{"href":"https:\/\/esmer-benin.org\/home\/wp-json\/wp\/v2\/media?parent=522"}],"wp:term":[{"taxonomy":"category","embeddable":true,"href":"https:\/\/esmer-benin.org\/home\/wp-json\/wp\/v2\/categories?post=522"},{"taxonomy":"post_tag","embeddable":true,"href":"https:\/\/esmer-benin.org\/home\/wp-json\/wp\/v2\/tags?post=522"}],"curies":[{"name":"wp","href":"https:\/\/api.w.org\/{rel}","templated":true}]}}