{"id":1480,"date":"2024-04-27T04:34:30","date_gmt":"2024-04-27T04:34:30","guid":{"rendered":"https:\/\/esmer-benin.org\/home\/?p=1480"},"modified":"2024-04-27T04:46:00","modified_gmt":"2024-04-27T04:46:00","slug":"lesmer-et-qotto-benin-signent-une-convention-de-partenariat","status":"publish","type":"post","link":"https:\/\/esmer-benin.org\/home\/lesmer-et-qotto-benin-signent-une-convention-de-partenariat\/","title":{"rendered":"L\u2019ESMER et QOTTO BENIN signent une convention de Partenariat"},"content":{"rendered":"\n<p>Notre \u00c9tablissement, l\u2019Ecole Sup\u00e9rieure des M\u00e9tiers des \u00c9nergies Renouvelables au B\u00e9nin (ESMER) et l\u2019entreprise QOTTO B\u00e9nin formalisent leur relation par la signature d\u2019une convention de partenariat. La c\u00e9r\u00e9monie s\u2019est d\u00e9roul\u00e9e ce mercredi 24 Avril 2024 dans nos locaux \u00e0 Togoudo, dans la Commune d\u2019Abomey Calavi.<\/p>\n\n\n\n<p>Le Partenariat vise \u00e0 mettre en place un cadre formel de coop\u00e9ration entre QOTTO B\u00e9nin et l\u2019ESMER. Il permettra \u00e9galement au travers de leurs services comp\u00e9tents, d\u2019insuffler une nouvelle dynamique \u00e0 la coop\u00e9ration entre centre de formation et entreprise, en vue d\u2019assurer l\u2019ad\u00e9quation entre la formation et l\u2019emploi. Enfin, il offrira l\u2019opportunit\u00e9 d\u2019am\u00e9liorer la qualit\u00e9 de la formation des cadres et techniciens en vue d\u2019assurer le d\u00e9veloppement du secteur industriel et de l\u2019\u00e9nergie renouvelable.<\/p>\n\n\n\n<p>A l&rsquo;occasion , la Directrice G\u00e9n\u00e9rale par int\u00e9rim de l\u2019ESMER, Madame Rosaline DADAVI avoue son admiration \u00e0 la Direction g\u00e9n\u00e9rale de l\u2019entreprise qui n\u2019a cess\u00e9 d\u2019appuyer l\u2019ESMER par la r\u00e9ception des \u00e9tudiants dans ses locaux pour les stages acad\u00e9miques et des dipl\u00f4m\u00e9s pour leur insertion professionnelle. Elle a rassur\u00e9 de ce que notre \u00e9tablissement fera l\u2019effort de maintenir le cap dans l\u2019adaptation des curricula de formation aux besoins de QOTTO B\u00e9nin.<\/p>\n\n\n\n<p>A sa suite, la Directrice g\u00e9n\u00e9rale de la filiale QOTTO B\u00e9nin, Madame Gwladys ALLAHASSA a t\u00e9moign\u00e9 de la qualit\u00e9 de la formation des apprenants issus de l\u2019ESMER, qui le d\u00e9montrent sur le terrain. En plus de cela, elle a relev\u00e9 l\u2019expertise que l\u2019ESMER, \u00e0 mis \u00e0 la disposition de QOTTO B\u00e9nin par les examens de certification \u00e0 son personnel. QOTTO B\u00e9nin reste dispos\u00e9 \u00e0 recevoir des dipl\u00f4m\u00e9s de l\u2019ESMER avec \u00ab z\u00e9ro exp\u00e9rience \u00bb.<\/p>\n\n\n\n<p>Pour sa part, le PDG de l\u2019ESMER, Monsieur F\u00e9lix Comlan EBO a promis mettre \u00e0 la disposition du personnel de QOTTO B\u00e9nin, les comp\u00e9tences requises dans les domaines d\u2019intervention pour des formations continues, sans oublier d\u2019appuyer l\u2019entreprise dans la conduite de ses recherches.<\/p>\n\n\n\n<p>ecoleentreprise #signaturepartenariat #formationacademique #stageacademiqu e#insertionprofessionnelle #esmer #qottobenin<\/p>\n\n\n\n<figure class=\"wp-block-image size-full\"><img loading=\"lazy\" decoding=\"async\" width=\"1016\" height=\"762\" src=\"https:\/\/esmer-benin.org\/home\/wp-content\/uploads\/2024\/04\/WhatsApp-Image-2024-04-25-at-18.59.18.jpeg\" alt=\"\" class=\"wp-image-1487\" srcset=\"https:\/\/esmer-benin.org\/home\/wp-content\/uploads\/2024\/04\/WhatsApp-Image-2024-04-25-at-18.59.18.jpeg 1016w, https:\/\/esmer-benin.org\/home\/wp-content\/uploads\/2024\/04\/WhatsApp-Image-2024-04-25-at-18.59.18-300x225.jpeg 300w, https:\/\/esmer-benin.org\/home\/wp-content\/uploads\/2024\/04\/WhatsApp-Image-2024-04-25-at-18.59.18-150x113.jpeg 150w, https:\/\/esmer-benin.org\/home\/wp-content\/uploads\/2024\/04\/WhatsApp-Image-2024-04-25-at-18.59.18-768x576.jpeg 768w\" sizes=\"auto, (max-width: 1016px) 100vw, 1016px\" \/><\/figure>\n","protected":false},"excerpt":{"rendered":"<p>Notre \u00c9tablissement, l\u2019Ecole Sup\u00e9rieure des M\u00e9tiers des \u00c9nergies Renouvelables au B\u00e9nin (ESMER) et l\u2019entreprise QOTTO B\u00e9nin formalisent leur relation par la signature d\u2019une convention de partenariat. La c\u00e9r\u00e9monie s\u2019est d\u00e9roul\u00e9e ce mercredi 24 Avril 2024 dans nos locaux \u00e0 Togoudo, dans la Commune d\u2019Abomey Calavi. Le Partenariat vise \u00e0 mettre en place un cadre formel&#8230;<\/p>\n","protected":false},"author":1,"featured_media":1485,"comment_status":"closed","ping_status":"open","sticky":false,"template":"","format":"standard","meta":{"footnotes":""},"categories":[1],"tags":[],"class_list":["post-1480","post","type-post","status-publish","format-standard","has-post-thumbnail","hentry","category-uncategorized"],"_links":{"self":[{"href":"https:\/\/esmer-benin.org\/home\/wp-json\/wp\/v2\/posts\/1480","targetHints":{"allow":["GET"]}}],"collection":[{"href":"https:\/\/esmer-benin.org\/home\/wp-json\/wp\/v2\/posts"}],"about":[{"href":"https:\/\/esmer-benin.org\/home\/wp-json\/wp\/v2\/types\/post"}],"author":[{"embeddable":true,"href":"https:\/\/esmer-benin.org\/home\/wp-json\/wp\/v2\/users\/1"}],"replies":[{"embeddable":true,"href":"https:\/\/esmer-benin.org\/home\/wp-json\/wp\/v2\/comments?post=1480"}],"version-history":[{"count":2,"href":"https:\/\/esmer-benin.org\/home\/wp-json\/wp\/v2\/posts\/1480\/revisions"}],"predecessor-version":[{"id":1488,"href":"https:\/\/esmer-benin.org\/home\/wp-json\/wp\/v2\/posts\/1480\/revisions\/1488"}],"wp:featuredmedia":[{"embeddable":true,"href":"https:\/\/esmer-benin.org\/home\/wp-json\/wp\/v2\/media\/1485"}],"wp:attachment":[{"href":"https:\/\/esmer-benin.org\/home\/wp-json\/wp\/v2\/media?parent=1480"}],"wp:term":[{"taxonomy":"category","embeddable":true,"href":"https:\/\/esmer-benin.org\/home\/wp-json\/wp\/v2\/categories?post=1480"},{"taxonomy":"post_tag","embeddable":true,"href":"https:\/\/esmer-benin.org\/home\/wp-json\/wp\/v2\/tags?post=1480"}],"curies":[{"name":"wp","href":"https:\/\/api.w.org\/{rel}","templated":true}]}}