{"id":1470,"date":"2023-10-18T10:54:37","date_gmt":"2023-10-18T10:54:37","guid":{"rendered":"https:\/\/esmer-benin.org\/home\/?p=1470"},"modified":"2023-10-18T10:54:41","modified_gmt":"2023-10-18T10:54:41","slug":"lesmer-et-le-cermi-signent-un-partenariat-de-formation-de-prestations-de-service-de-recherches-et-dinnovations","status":"publish","type":"post","link":"https:\/\/esmer-benin.org\/home\/lesmer-et-le-cermi-signent-un-partenariat-de-formation-de-prestations-de-service-de-recherches-et-dinnovations\/","title":{"rendered":"L\u2019ESMER et le CERMI signent un partenariat de  formation, de prestations de service, de recherches et d\u2019innovations"},"content":{"rendered":"\n<p>Notre \u00e9tablissement sp\u00e9cialis\u00e9, l\u2019Ecole Sup\u00e9rieure des M\u00e9tiers des Energies Renouvelables (ESMER) sise \u00e0 Abomey-Calavi au B\u00e9nin et le Centre pour les Energies Renouvelables et la Maintenance Industrielle (CERMI) sis \u00e0 Praia au Cap-Vert, ont sign\u00e9 ce vendredi 13 octobre 2023 au si\u00e8ge du CERMI, les documents officialisant l\u2019Accord-Cadre de collaboration entre les deux institutions.<\/p>\n\n\n\n<p>A l\u2019occasion, Monsieur F\u00e9lix Comlan EBO, en sa qualit\u00e9 de Pr\u00e9sident Directeur G\u00e9n\u00e9ral, a pos\u00e9 aupr\u00e8s de celui du CERMI, le sceau de la premi\u00e8re Ecole sp\u00e9cialis\u00e9e en Energies Renouvelables au B\u00e9nin, engageant ainsi la collaboration de travail avec le CERMI pour des formations, des prestations de services, la recherche et l\u2019innovation, sur une dur\u00e9e de 3 ans.<\/p>\n\n\n\n<p>Pr\u00e9cisons que depuis 2015, l\u2019ESMER donne des formations en Licence et Master aux \u00e9tudiants venus de plusieurs pays.<\/p>\n\n\n\n<figure class=\"wp-block-gallery has-nested-images columns-default is-cropped wp-block-gallery-1 is-layout-flex wp-block-gallery-is-layout-flex\">\n<figure class=\"wp-block-image size-large\"><img loading=\"lazy\" decoding=\"async\" width=\"1024\" height=\"768\" data-id=\"1475\" src=\"https:\/\/esmer-benin.org\/home\/wp-content\/uploads\/2023\/10\/WhatsApp-Image-2023-10-18-at-11.31.30-1-1-1024x768.jpeg\" alt=\"\" class=\"wp-image-1475\" srcset=\"https:\/\/esmer-benin.org\/home\/wp-content\/uploads\/2023\/10\/WhatsApp-Image-2023-10-18-at-11.31.30-1-1-1024x768.jpeg 1024w, https:\/\/esmer-benin.org\/home\/wp-content\/uploads\/2023\/10\/WhatsApp-Image-2023-10-18-at-11.31.30-1-1-300x225.jpeg 300w, https:\/\/esmer-benin.org\/home\/wp-content\/uploads\/2023\/10\/WhatsApp-Image-2023-10-18-at-11.31.30-1-1-150x113.jpeg 150w, https:\/\/esmer-benin.org\/home\/wp-content\/uploads\/2023\/10\/WhatsApp-Image-2023-10-18-at-11.31.30-1-1-768x576.jpeg 768w, https:\/\/esmer-benin.org\/home\/wp-content\/uploads\/2023\/10\/WhatsApp-Image-2023-10-18-at-11.31.30-1-1-1536x1152.jpeg 1536w, https:\/\/esmer-benin.org\/home\/wp-content\/uploads\/2023\/10\/WhatsApp-Image-2023-10-18-at-11.31.30-1-1.jpeg 2048w\" sizes=\"auto, (max-width: 1024px) 100vw, 1024px\" \/><\/figure>\n\n\n\n<figure class=\"wp-block-image size-large\"><img loading=\"lazy\" decoding=\"async\" width=\"768\" height=\"1024\" data-id=\"1474\" src=\"https:\/\/esmer-benin.org\/home\/wp-content\/uploads\/2023\/10\/WhatsApp-Image-2023-10-18-at-11.31.30-2-768x1024.jpeg\" alt=\"\" class=\"wp-image-1474\" srcset=\"https:\/\/esmer-benin.org\/home\/wp-content\/uploads\/2023\/10\/WhatsApp-Image-2023-10-18-at-11.31.30-2-768x1024.jpeg 768w, https:\/\/esmer-benin.org\/home\/wp-content\/uploads\/2023\/10\/WhatsApp-Image-2023-10-18-at-11.31.30-2-225x300.jpeg 225w, https:\/\/esmer-benin.org\/home\/wp-content\/uploads\/2023\/10\/WhatsApp-Image-2023-10-18-at-11.31.30-2-113x150.jpeg 113w, https:\/\/esmer-benin.org\/home\/wp-content\/uploads\/2023\/10\/WhatsApp-Image-2023-10-18-at-11.31.30-2-1152x1536.jpeg 1152w, https:\/\/esmer-benin.org\/home\/wp-content\/uploads\/2023\/10\/WhatsApp-Image-2023-10-18-at-11.31.30-2.jpeg 1536w\" sizes=\"auto, (max-width: 768px) 100vw, 768px\" \/><\/figure>\n<\/figure>\n","protected":false},"excerpt":{"rendered":"<p>Notre \u00e9tablissement sp\u00e9cialis\u00e9, l\u2019Ecole Sup\u00e9rieure des M\u00e9tiers des Energies Renouvelables (ESMER) sise \u00e0 Abomey-Calavi au B\u00e9nin et le Centre pour les Energies Renouvelables et la Maintenance Industrielle (CERMI) sis \u00e0 Praia au Cap-Vert, ont sign\u00e9 ce vendredi 13 octobre 2023 au si\u00e8ge du CERMI, les documents officialisant l\u2019Accord-Cadre de collaboration entre les deux institutions. A&#8230;<\/p>\n","protected":false},"author":1,"featured_media":1471,"comment_status":"closed","ping_status":"open","sticky":false,"template":"","format":"standard","meta":{"footnotes":""},"categories":[1],"tags":[],"class_list":["post-1470","post","type-post","status-publish","format-standard","has-post-thumbnail","hentry","category-uncategorized"],"_links":{"self":[{"href":"https:\/\/esmer-benin.org\/home\/wp-json\/wp\/v2\/posts\/1470","targetHints":{"allow":["GET"]}}],"collection":[{"href":"https:\/\/esmer-benin.org\/home\/wp-json\/wp\/v2\/posts"}],"about":[{"href":"https:\/\/esmer-benin.org\/home\/wp-json\/wp\/v2\/types\/post"}],"author":[{"embeddable":true,"href":"https:\/\/esmer-benin.org\/home\/wp-json\/wp\/v2\/users\/1"}],"replies":[{"embeddable":true,"href":"https:\/\/esmer-benin.org\/home\/wp-json\/wp\/v2\/comments?post=1470"}],"version-history":[{"count":1,"href":"https:\/\/esmer-benin.org\/home\/wp-json\/wp\/v2\/posts\/1470\/revisions"}],"predecessor-version":[{"id":1476,"href":"https:\/\/esmer-benin.org\/home\/wp-json\/wp\/v2\/posts\/1470\/revisions\/1476"}],"wp:featuredmedia":[{"embeddable":true,"href":"https:\/\/esmer-benin.org\/home\/wp-json\/wp\/v2\/media\/1471"}],"wp:attachment":[{"href":"https:\/\/esmer-benin.org\/home\/wp-json\/wp\/v2\/media?parent=1470"}],"wp:term":[{"taxonomy":"category","embeddable":true,"href":"https:\/\/esmer-benin.org\/home\/wp-json\/wp\/v2\/categories?post=1470"},{"taxonomy":"post_tag","embeddable":true,"href":"https:\/\/esmer-benin.org\/home\/wp-json\/wp\/v2\/tags?post=1470"}],"curies":[{"name":"wp","href":"https:\/\/api.w.org\/{rel}","templated":true}]}}