{"id":1425,"date":"2023-03-27T06:40:46","date_gmt":"2023-03-27T06:40:46","guid":{"rendered":"https:\/\/esmer-benin.org\/home\/?p=1425"},"modified":"2023-03-27T06:40:47","modified_gmt":"2023-03-27T06:40:47","slug":"signature-de-partenariat-avec-linstitut-compass-du-canada-lesmer-souvre-sur-luniversite-laval-au-canada-dans-la-formation-des-cadres-publics-et-prives-sur-le","status":"publish","type":"post","link":"https:\/\/esmer-benin.org\/home\/signature-de-partenariat-avec-linstitut-compass-du-canada-lesmer-souvre-sur-luniversite-laval-au-canada-dans-la-formation-des-cadres-publics-et-prives-sur-le\/","title":{"rendered":"Signature de Partenariat avec l\u2019Institut COMPASS  du CANADA : L\u2019ESMER s\u2019ouvre sur  l\u2019Universit\u00e9 LAVAL au CANADA dans  la formation des cadres publics et priv\u00e9s  sur  les programmes de Certifications universitaires sup\u00e9rieures en Energies renouvelables."},"content":{"rendered":"\n<p>L\u2019ESMER et l&rsquo;Institut COMPASS au CANADA ont proc\u00e9d\u00e9 dans la matin\u00e9e du vendredi 24 mars 2023 \u00e0 Abomey-Calavi au B\u00e9nin, \u00e0 la formalisation de leur partenariat de formation sur les programmes de certifications universitaires sup\u00e9rieures en Energies renouvelables.<\/p>\n\n\n\n<p>A cet effet, les deux parties ont act\u00e9 le c\u00e9r\u00e9monial par la signature et l\u2019\u00e9change de documents. Avant l\u2019acte de signature, le Pr\u00e9sident Directeur G\u00e9n\u00e9ral de l&rsquo;ESMER, Monsieur F\u00e9lix Comlan EBO a affirm\u00e9 l\u2019engagement de notre \u00e9cole, en plus des missions connexes, \u00e0 mettre \u00e0 disposition du partenariat, son expertise dans les domaines des \u00e9nergies renouvelables et d&rsquo;adaptation aux changements climatiques. A cela, vont s&rsquo;ajouter, des salles de formation r\u00e9pondant aux normes internationales pour la formation des cadres sup\u00e9rieurs.<\/p>\n\n\n\n<p>Pour sa part, le Pr\u00e9sident de l\u2019Institut COMPASS, Professeur Fr\u00e9d\u00e9ric MARTIN, est revenu sur l\u2019importance pour lui, de respecter la vision de son Institut. De son intervention, il en ressort que l\u2019Institut COMPASS veut maintenir sa r\u00e9putation et son expertise avec des partenaires cr\u00e9dibles et efficaces. \u00ab Nous cherchons \u00e0 identifier partout dans le monde des institutions s\u00e9rieuses, comp\u00e9tentes, . Et l\u2019ESMER fait partie de ce groupe recherch\u00e9\u2026 Nous allons donc mener des activit\u00e9s au B\u00e9nin pour faire davantage grandir l\u2019ESMER qui forme dans une composante ch\u00e8re \u00e0 nous \u00bb confie le Pr\u00e9sident.<\/p>\n\n\n\n<p>Le partenariat couvre une dur\u00e9e de trois ans, renouvelables. Les programmes de formation sont offerts conjointement avec l\u2019Universit\u00e9 LAVAL au CANADA qui ouvre d\u00e9sormais ses portes \u00e0 l\u2019ESMER.<\/p>\n\n\n\n<figure class=\"wp-block-image size-full\"><img loading=\"lazy\" decoding=\"async\" width=\"1016\" height=\"762\" src=\"https:\/\/esmer-benin.org\/home\/wp-content\/uploads\/2023\/03\/WhatsApp-Image-2023-03-26-at-21.57.57-2.jpeg\" alt=\"\" class=\"wp-image-1427\" srcset=\"https:\/\/esmer-benin.org\/home\/wp-content\/uploads\/2023\/03\/WhatsApp-Image-2023-03-26-at-21.57.57-2.jpeg 1016w, https:\/\/esmer-benin.org\/home\/wp-content\/uploads\/2023\/03\/WhatsApp-Image-2023-03-26-at-21.57.57-2-300x225.jpeg 300w, https:\/\/esmer-benin.org\/home\/wp-content\/uploads\/2023\/03\/WhatsApp-Image-2023-03-26-at-21.57.57-2-150x113.jpeg 150w, https:\/\/esmer-benin.org\/home\/wp-content\/uploads\/2023\/03\/WhatsApp-Image-2023-03-26-at-21.57.57-2-768x576.jpeg 768w\" sizes=\"auto, (max-width: 1016px) 100vw, 1016px\" \/><\/figure>\n\n\n\n<figure class=\"wp-block-image size-full\"><img loading=\"lazy\" decoding=\"async\" width=\"1016\" height=\"762\" src=\"https:\/\/esmer-benin.org\/home\/wp-content\/uploads\/2023\/03\/WhatsApp-Image-2023-03-26-at-21.57.57-1.jpeg\" alt=\"\" class=\"wp-image-1428\" srcset=\"https:\/\/esmer-benin.org\/home\/wp-content\/uploads\/2023\/03\/WhatsApp-Image-2023-03-26-at-21.57.57-1.jpeg 1016w, https:\/\/esmer-benin.org\/home\/wp-content\/uploads\/2023\/03\/WhatsApp-Image-2023-03-26-at-21.57.57-1-300x225.jpeg 300w, https:\/\/esmer-benin.org\/home\/wp-content\/uploads\/2023\/03\/WhatsApp-Image-2023-03-26-at-21.57.57-1-150x113.jpeg 150w, https:\/\/esmer-benin.org\/home\/wp-content\/uploads\/2023\/03\/WhatsApp-Image-2023-03-26-at-21.57.57-1-768x576.jpeg 768w\" sizes=\"auto, (max-width: 1016px) 100vw, 1016px\" \/><\/figure>\n\n\n\n<figure class=\"wp-block-image size-full\"><img loading=\"lazy\" decoding=\"async\" width=\"1016\" height=\"762\" src=\"https:\/\/esmer-benin.org\/home\/wp-content\/uploads\/2023\/03\/WhatsApp-Image-2023-03-26-at-21.56.46.jpeg\" alt=\"\" class=\"wp-image-1429\" srcset=\"https:\/\/esmer-benin.org\/home\/wp-content\/uploads\/2023\/03\/WhatsApp-Image-2023-03-26-at-21.56.46.jpeg 1016w, https:\/\/esmer-benin.org\/home\/wp-content\/uploads\/2023\/03\/WhatsApp-Image-2023-03-26-at-21.56.46-300x225.jpeg 300w, https:\/\/esmer-benin.org\/home\/wp-content\/uploads\/2023\/03\/WhatsApp-Image-2023-03-26-at-21.56.46-150x113.jpeg 150w, https:\/\/esmer-benin.org\/home\/wp-content\/uploads\/2023\/03\/WhatsApp-Image-2023-03-26-at-21.56.46-768x576.jpeg 768w\" sizes=\"auto, (max-width: 1016px) 100vw, 1016px\" \/><\/figure>\n\n\n\n<figure class=\"wp-block-image size-full\"><img loading=\"lazy\" decoding=\"async\" width=\"1016\" height=\"762\" src=\"https:\/\/esmer-benin.org\/home\/wp-content\/uploads\/2023\/03\/WhatsApp-Image-2023-03-26-at-21.56.45.jpeg\" alt=\"\" class=\"wp-image-1430\" srcset=\"https:\/\/esmer-benin.org\/home\/wp-content\/uploads\/2023\/03\/WhatsApp-Image-2023-03-26-at-21.56.45.jpeg 1016w, https:\/\/esmer-benin.org\/home\/wp-content\/uploads\/2023\/03\/WhatsApp-Image-2023-03-26-at-21.56.45-300x225.jpeg 300w, https:\/\/esmer-benin.org\/home\/wp-content\/uploads\/2023\/03\/WhatsApp-Image-2023-03-26-at-21.56.45-150x113.jpeg 150w, https:\/\/esmer-benin.org\/home\/wp-content\/uploads\/2023\/03\/WhatsApp-Image-2023-03-26-at-21.56.45-768x576.jpeg 768w\" sizes=\"auto, (max-width: 1016px) 100vw, 1016px\" \/><\/figure>\n","protected":false},"excerpt":{"rendered":"<p>L\u2019ESMER et l&rsquo;Institut COMPASS au CANADA ont proc\u00e9d\u00e9 dans la matin\u00e9e du vendredi 24 mars 2023 \u00e0 Abomey-Calavi au B\u00e9nin, \u00e0 la formalisation de leur partenariat de formation sur les programmes de certifications universitaires sup\u00e9rieures en Energies renouvelables. A cet effet, les deux parties ont act\u00e9 le c\u00e9r\u00e9monial par la signature et l\u2019\u00e9change de documents&#8230;.<\/p>\n","protected":false},"author":1,"featured_media":1426,"comment_status":"closed","ping_status":"open","sticky":false,"template":"","format":"standard","meta":{"footnotes":""},"categories":[1],"tags":[],"class_list":["post-1425","post","type-post","status-publish","format-standard","has-post-thumbnail","hentry","category-uncategorized"],"_links":{"self":[{"href":"https:\/\/esmer-benin.org\/home\/wp-json\/wp\/v2\/posts\/1425","targetHints":{"allow":["GET"]}}],"collection":[{"href":"https:\/\/esmer-benin.org\/home\/wp-json\/wp\/v2\/posts"}],"about":[{"href":"https:\/\/esmer-benin.org\/home\/wp-json\/wp\/v2\/types\/post"}],"author":[{"embeddable":true,"href":"https:\/\/esmer-benin.org\/home\/wp-json\/wp\/v2\/users\/1"}],"replies":[{"embeddable":true,"href":"https:\/\/esmer-benin.org\/home\/wp-json\/wp\/v2\/comments?post=1425"}],"version-history":[{"count":1,"href":"https:\/\/esmer-benin.org\/home\/wp-json\/wp\/v2\/posts\/1425\/revisions"}],"predecessor-version":[{"id":1431,"href":"https:\/\/esmer-benin.org\/home\/wp-json\/wp\/v2\/posts\/1425\/revisions\/1431"}],"wp:featuredmedia":[{"embeddable":true,"href":"https:\/\/esmer-benin.org\/home\/wp-json\/wp\/v2\/media\/1426"}],"wp:attachment":[{"href":"https:\/\/esmer-benin.org\/home\/wp-json\/wp\/v2\/media?parent=1425"}],"wp:term":[{"taxonomy":"category","embeddable":true,"href":"https:\/\/esmer-benin.org\/home\/wp-json\/wp\/v2\/categories?post=1425"},{"taxonomy":"post_tag","embeddable":true,"href":"https:\/\/esmer-benin.org\/home\/wp-json\/wp\/v2\/tags?post=1425"}],"curies":[{"name":"wp","href":"https:\/\/api.w.org\/{rel}","templated":true}]}}