{"id":1419,"date":"2023-03-21T17:17:20","date_gmt":"2023-03-21T17:17:20","guid":{"rendered":"https:\/\/esmer-benin.org\/home\/?p=1419"},"modified":"2023-03-21T17:17:21","modified_gmt":"2023-03-21T17:17:21","slug":"le-bureau-national-de-la-cedeao-constate-les-conditions-de-formation-certifiante-de-lun-de-ses-boursiers-a-lesmer","status":"publish","type":"post","link":"https:\/\/esmer-benin.org\/home\/le-bureau-national-de-la-cedeao-constate-les-conditions-de-formation-certifiante-de-lun-de-ses-boursiers-a-lesmer\/","title":{"rendered":"Le  Bureau National de la CEDEAO constate les conditions de formation certifiante de l\u2019un de ses boursiers  \u00e0 l\u2019ESMER"},"content":{"rendered":"\n<p>Notre Etablissement, l\u2019Ecole Sup\u00e9rieure des M\u00e9tiers des Energies Renouvelables (ESMER) a re\u00e7u ce vendredi 03 mars 2023 dans ses locaux, la visite d\u2019une d\u00e9l\u00e9gation du Bureau national de la CEDEAO. La visite s\u2019inscrit dans le cadre de la formation des jeunes pour l\u2019am\u00e9lioration des comp\u00e9tences, l\u2019employabilit\u00e9 et programme de stage en entreprise pour les dipl\u00f4m\u00e9s de l\u2019Enseignement et de la Formation Technique et Professionnels (EFTP) de la CEDEAO. Elle vise donc \u00e0 s\u2019impr\u00e9gner des conditions de formation du stagiaire recommand\u00e9 par la CEDEAO au titre de l\u2019ann\u00e9e acad\u00e9mique 2022-2023.<\/p>\n\n\n\n<p>Avec \u00e0 sa t\u00eate le Directeur du Bureau National, Monsieur Armand SOUNTON, la d\u00e9l\u00e9gation a eu droit \u00e0 la pr\u00e9sentation de notre \u00e9cole, ensuite le point de suivi de l\u2019\u00e9tudiant fait par le Directeur des \u00e9tudes, Dr Hypolite HOUNNOU et la visite des laboratoires et autres entit\u00e9s de formations qui accueillent le stagiaire.<\/p>\n\n\n\n<p>A l\u2019occasion, Monsieur Armand SOUNTON a adress\u00e9 ses remerciements \u00e0 l\u2019endroit des enseignants, des encadreurs de l\u2019\u00e9cole sans oublier le Promoteur, Monsieur F\u00e9lix Comlan EBO, Expert en Energie. \u00ab Au nom de toute la d\u00e9l\u00e9gation, j\u2019aimerais vous dire que nous sommes satisfaits de tout ce que vous faites ici dans la formation des jeunes et leur insertion professionnelle \u00e0 travers vos statistiques \u00bb a-t-il d\u00e9clar\u00e9 avant de nous inviter \u00e0 maintenir le cap pour faire grandir ce partenariat. \u00ab Notre devoir est de relayer ce qu\u2019on vient de voir au niveau de la CEDEAO afin qu&rsquo;elle sache qu\u2019au B\u00e9nin, nous avons aussi des \u00e9coles de qualit\u00e9 qui peuvent assurer les formations aux nouveaux m\u00e9tiers, afin que de plus en plus, on puisse vous envoyer des stagiaires que ce soit b\u00e9ninois ou d\u2019autres pays de l\u2019espace \u00bb a confi\u00e9 le Directeur du bureau national.<\/p>\n\n\n\n<p>A son tour, la Repr\u00e9sentante du promoteur, la Directrice Administrative et financi\u00e8re de notre \u00e9tablissement, Madame Rosaline C. EBO DADAVI a rassur\u00e9 la d\u00e9l\u00e9gation de ce que cette premi\u00e8re exp\u00e9rience vient pour lancer de nombreuses autres pour le rayonnement du sous secteur des \u00e9nergies renouvelables dans la r\u00e9gion, de m\u00eame que la formation professionnelle de la jeunesse africaine.<\/p>\n\n\n\n<figure class=\"wp-block-image size-full\"><img loading=\"lazy\" decoding=\"async\" width=\"1016\" height=\"762\" src=\"https:\/\/esmer-benin.org\/home\/wp-content\/uploads\/2023\/03\/WhatsApp-Image-2023-03-04-at-12.20.30.jpeg\" alt=\"\" class=\"wp-image-1421\" srcset=\"https:\/\/esmer-benin.org\/home\/wp-content\/uploads\/2023\/03\/WhatsApp-Image-2023-03-04-at-12.20.30.jpeg 1016w, https:\/\/esmer-benin.org\/home\/wp-content\/uploads\/2023\/03\/WhatsApp-Image-2023-03-04-at-12.20.30-300x225.jpeg 300w, https:\/\/esmer-benin.org\/home\/wp-content\/uploads\/2023\/03\/WhatsApp-Image-2023-03-04-at-12.20.30-150x113.jpeg 150w, https:\/\/esmer-benin.org\/home\/wp-content\/uploads\/2023\/03\/WhatsApp-Image-2023-03-04-at-12.20.30-768x576.jpeg 768w\" sizes=\"auto, (max-width: 1016px) 100vw, 1016px\" \/><\/figure>\n\n\n\n<figure class=\"wp-block-image size-full\"><img loading=\"lazy\" decoding=\"async\" width=\"1016\" height=\"762\" src=\"https:\/\/esmer-benin.org\/home\/wp-content\/uploads\/2023\/03\/WhatsApp-Image-2023-03-04-at-12.20.30-1.jpeg\" alt=\"\" class=\"wp-image-1422\" srcset=\"https:\/\/esmer-benin.org\/home\/wp-content\/uploads\/2023\/03\/WhatsApp-Image-2023-03-04-at-12.20.30-1.jpeg 1016w, https:\/\/esmer-benin.org\/home\/wp-content\/uploads\/2023\/03\/WhatsApp-Image-2023-03-04-at-12.20.30-1-300x225.jpeg 300w, https:\/\/esmer-benin.org\/home\/wp-content\/uploads\/2023\/03\/WhatsApp-Image-2023-03-04-at-12.20.30-1-150x113.jpeg 150w, https:\/\/esmer-benin.org\/home\/wp-content\/uploads\/2023\/03\/WhatsApp-Image-2023-03-04-at-12.20.30-1-768x576.jpeg 768w\" sizes=\"auto, (max-width: 1016px) 100vw, 1016px\" \/><\/figure>\n\n\n\n<figure class=\"wp-block-image size-large\"><img loading=\"lazy\" decoding=\"async\" width=\"1024\" height=\"768\" src=\"https:\/\/esmer-benin.org\/home\/wp-content\/uploads\/2023\/03\/WhatsApp-Image-2023-03-04-at-12.20.29-1024x768.jpeg\" alt=\"\" class=\"wp-image-1423\" srcset=\"https:\/\/esmer-benin.org\/home\/wp-content\/uploads\/2023\/03\/WhatsApp-Image-2023-03-04-at-12.20.29-1024x768.jpeg 1024w, https:\/\/esmer-benin.org\/home\/wp-content\/uploads\/2023\/03\/WhatsApp-Image-2023-03-04-at-12.20.29-300x225.jpeg 300w, https:\/\/esmer-benin.org\/home\/wp-content\/uploads\/2023\/03\/WhatsApp-Image-2023-03-04-at-12.20.29-150x113.jpeg 150w, https:\/\/esmer-benin.org\/home\/wp-content\/uploads\/2023\/03\/WhatsApp-Image-2023-03-04-at-12.20.29-768x576.jpeg 768w, https:\/\/esmer-benin.org\/home\/wp-content\/uploads\/2023\/03\/WhatsApp-Image-2023-03-04-at-12.20.29.jpeg 1280w\" sizes=\"auto, (max-width: 1024px) 100vw, 1024px\" \/><\/figure>\n","protected":false},"excerpt":{"rendered":"<p>Notre Etablissement, l\u2019Ecole Sup\u00e9rieure des M\u00e9tiers des Energies Renouvelables (ESMER) a re\u00e7u ce vendredi 03 mars 2023 dans ses locaux, la visite d\u2019une d\u00e9l\u00e9gation du Bureau national de la CEDEAO. La visite s\u2019inscrit dans le cadre de la formation des jeunes pour l\u2019am\u00e9lioration des comp\u00e9tences, l\u2019employabilit\u00e9 et programme de stage en entreprise pour les dipl\u00f4m\u00e9s&#8230;<\/p>\n","protected":false},"author":1,"featured_media":1420,"comment_status":"closed","ping_status":"open","sticky":false,"template":"","format":"standard","meta":{"footnotes":""},"categories":[1],"tags":[],"class_list":["post-1419","post","type-post","status-publish","format-standard","has-post-thumbnail","hentry","category-uncategorized"],"_links":{"self":[{"href":"https:\/\/esmer-benin.org\/home\/wp-json\/wp\/v2\/posts\/1419","targetHints":{"allow":["GET"]}}],"collection":[{"href":"https:\/\/esmer-benin.org\/home\/wp-json\/wp\/v2\/posts"}],"about":[{"href":"https:\/\/esmer-benin.org\/home\/wp-json\/wp\/v2\/types\/post"}],"author":[{"embeddable":true,"href":"https:\/\/esmer-benin.org\/home\/wp-json\/wp\/v2\/users\/1"}],"replies":[{"embeddable":true,"href":"https:\/\/esmer-benin.org\/home\/wp-json\/wp\/v2\/comments?post=1419"}],"version-history":[{"count":1,"href":"https:\/\/esmer-benin.org\/home\/wp-json\/wp\/v2\/posts\/1419\/revisions"}],"predecessor-version":[{"id":1424,"href":"https:\/\/esmer-benin.org\/home\/wp-json\/wp\/v2\/posts\/1419\/revisions\/1424"}],"wp:featuredmedia":[{"embeddable":true,"href":"https:\/\/esmer-benin.org\/home\/wp-json\/wp\/v2\/media\/1420"}],"wp:attachment":[{"href":"https:\/\/esmer-benin.org\/home\/wp-json\/wp\/v2\/media?parent=1419"}],"wp:term":[{"taxonomy":"category","embeddable":true,"href":"https:\/\/esmer-benin.org\/home\/wp-json\/wp\/v2\/categories?post=1419"},{"taxonomy":"post_tag","embeddable":true,"href":"https:\/\/esmer-benin.org\/home\/wp-json\/wp\/v2\/tags?post=1419"}],"curies":[{"name":"wp","href":"https:\/\/api.w.org\/{rel}","templated":true}]}}