{"id":1384,"date":"2023-02-10T07:53:00","date_gmt":"2023-02-10T07:53:00","guid":{"rendered":"https:\/\/esmer-benin.org\/home\/?p=1384"},"modified":"2023-02-28T07:53:25","modified_gmt":"2023-02-28T07:53:25","slug":"le-president-du-conseil-dadministration-de-linstitut-africain-de-technologie-et-de-management-itma-du-mali-et-du-maroc-oumar-ibrahima-toure-visite-lesmer-au-benin","status":"publish","type":"post","link":"https:\/\/esmer-benin.org\/home\/le-president-du-conseil-dadministration-de-linstitut-africain-de-technologie-et-de-management-itma-du-mali-et-du-maroc-oumar-ibrahima-toure-visite-lesmer-au-benin\/","title":{"rendered":"Le Pr\u00e9sident du Conseil d\u2019Administration de l\u2019Institut Africain de Technologie et de Management (ITMA)\u00a0 du Mali et du Maroc, Oumar Ibrahima TOURE visite l\u2019ESMER au B\u00e9nin"},"content":{"rendered":"\n<p>Le premier \u00e9tablissement sup\u00e9rieur priv\u00e9 au B\u00e9nin, sp\u00e9cialis\u00e9 en Energies Renouvelables, a re\u00e7u ce mercredi 8&nbsp; f\u00e9vrier 2023 dans nos locaux, le Fondateur&nbsp; de l\u2019Institut Africain de Technologie et de Management (ITMA) du Mali et du Maroc, Monsieur Oumar Ibrahima TOURE.&nbsp;<\/p>\n\n\n\n<p>Il a \u00e9t\u00e9 accueilli&nbsp; par le Fondateur et Pr\u00e9sident&nbsp; &nbsp; Directeur G\u00e9n\u00e9ral de l\u2019Ecole Sup\u00e9rieure des M\u00e9tiers des Energies Renouvelables (ESMER).&nbsp;<\/p>\n\n\n\n<p>En sa qualit\u00e9 de Promoteur de l\u2019ESMER, Monsieur F\u00e9lix Comlan EBO a fait d\u00e9cliner \u00e0 son h\u00f4te, le contenu&nbsp; des programmes de formation en licence et Master, les laboratoires sp\u00e9cialis\u00e9s et de langues,&nbsp; les installations de&nbsp; travaux pratiques.&nbsp;<\/p>\n\n\n\n<p>Apr\u00e8s les pr\u00e9sentations et le tour des diff\u00e9rentes installations de l\u2019\u00e9cole, le Fondateur de l\u2019ITMA, Monsieur Oumar Ibrahima TOURE s\u2019est dit \u00e9merveill\u00e9 par la sp\u00e9cialit\u00e9 de notre&nbsp; \u00e9cole en Afrique dirig\u00e9e par un \u00ab Manager&nbsp;\u00bb. \u00ab Vous \u00eates un visionnaire&nbsp;\u00bb s\u2019est-il adress\u00e9 au Promoteur de l\u2019ESMER, Monsieur F\u00e9lix Comlan EBO.&nbsp;<\/p>\n\n\n\n<p>Pr\u00e9cisons que Monsieur Oumar Ibrahima TOURE est l\u2019actuel Directeur au D\u00e9veloppement des March\u00e9s Internationaux &#8211; Gestion des \u00c9quipes en charge de l\u2019Asie, de l\u2019Afrique, de l\u2019Europe et de l\u2019Am\u00e9rique du Sud de l\u2019Universit\u00e9 d\u2019Ottawa au Canada,\u00a0<\/p>\n\n\n\n<figure class=\"wp-block-image size-full\"><img loading=\"lazy\" decoding=\"async\" width=\"800\" height=\"600\" src=\"https:\/\/esmer-benin.org\/home\/wp-content\/uploads\/2023\/02\/Frame-3-4.jpg\" alt=\"\" class=\"wp-image-1387\" srcset=\"https:\/\/esmer-benin.org\/home\/wp-content\/uploads\/2023\/02\/Frame-3-4.jpg 800w, https:\/\/esmer-benin.org\/home\/wp-content\/uploads\/2023\/02\/Frame-3-4-300x225.jpg 300w, https:\/\/esmer-benin.org\/home\/wp-content\/uploads\/2023\/02\/Frame-3-4-150x113.jpg 150w, https:\/\/esmer-benin.org\/home\/wp-content\/uploads\/2023\/02\/Frame-3-4-768x576.jpg 768w\" sizes=\"auto, (max-width: 800px) 100vw, 800px\" \/><\/figure>\n\n\n\n<figure class=\"wp-block-image size-full\"><img loading=\"lazy\" decoding=\"async\" width=\"800\" height=\"600\" src=\"https:\/\/esmer-benin.org\/home\/wp-content\/uploads\/2023\/02\/Frame-4-4.jpg\" alt=\"\" class=\"wp-image-1388\" srcset=\"https:\/\/esmer-benin.org\/home\/wp-content\/uploads\/2023\/02\/Frame-4-4.jpg 800w, https:\/\/esmer-benin.org\/home\/wp-content\/uploads\/2023\/02\/Frame-4-4-300x225.jpg 300w, https:\/\/esmer-benin.org\/home\/wp-content\/uploads\/2023\/02\/Frame-4-4-150x113.jpg 150w, https:\/\/esmer-benin.org\/home\/wp-content\/uploads\/2023\/02\/Frame-4-4-768x576.jpg 768w\" sizes=\"auto, (max-width: 800px) 100vw, 800px\" \/><\/figure>\n\n\n\n<figure class=\"wp-block-image size-full\"><img loading=\"lazy\" decoding=\"async\" width=\"800\" height=\"600\" src=\"https:\/\/esmer-benin.org\/home\/wp-content\/uploads\/2023\/02\/Frame-5-4.jpg\" alt=\"\" class=\"wp-image-1389\" srcset=\"https:\/\/esmer-benin.org\/home\/wp-content\/uploads\/2023\/02\/Frame-5-4.jpg 800w, https:\/\/esmer-benin.org\/home\/wp-content\/uploads\/2023\/02\/Frame-5-4-300x225.jpg 300w, https:\/\/esmer-benin.org\/home\/wp-content\/uploads\/2023\/02\/Frame-5-4-150x113.jpg 150w, https:\/\/esmer-benin.org\/home\/wp-content\/uploads\/2023\/02\/Frame-5-4-768x576.jpg 768w\" sizes=\"auto, (max-width: 800px) 100vw, 800px\" \/><\/figure>\n","protected":false},"excerpt":{"rendered":"<p>Le premier \u00e9tablissement sup\u00e9rieur priv\u00e9 au B\u00e9nin, sp\u00e9cialis\u00e9 en Energies Renouvelables, a re\u00e7u ce mercredi 8&nbsp; f\u00e9vrier 2023 dans nos locaux, le Fondateur&nbsp; de l\u2019Institut Africain de Technologie et de Management (ITMA) du Mali et du Maroc, Monsieur Oumar Ibrahima TOURE.&nbsp; Il a \u00e9t\u00e9 accueilli&nbsp; par le Fondateur et Pr\u00e9sident&nbsp; &nbsp; Directeur G\u00e9n\u00e9ral de l\u2019Ecole&#8230;<\/p>\n","protected":false},"author":1,"featured_media":1385,"comment_status":"closed","ping_status":"open","sticky":false,"template":"","format":"standard","meta":{"footnotes":""},"categories":[12],"tags":[],"class_list":["post-1384","post","type-post","status-publish","format-standard","has-post-thumbnail","hentry","category-activites"],"_links":{"self":[{"href":"https:\/\/esmer-benin.org\/home\/wp-json\/wp\/v2\/posts\/1384","targetHints":{"allow":["GET"]}}],"collection":[{"href":"https:\/\/esmer-benin.org\/home\/wp-json\/wp\/v2\/posts"}],"about":[{"href":"https:\/\/esmer-benin.org\/home\/wp-json\/wp\/v2\/types\/post"}],"author":[{"embeddable":true,"href":"https:\/\/esmer-benin.org\/home\/wp-json\/wp\/v2\/users\/1"}],"replies":[{"embeddable":true,"href":"https:\/\/esmer-benin.org\/home\/wp-json\/wp\/v2\/comments?post=1384"}],"version-history":[{"count":1,"href":"https:\/\/esmer-benin.org\/home\/wp-json\/wp\/v2\/posts\/1384\/revisions"}],"predecessor-version":[{"id":1390,"href":"https:\/\/esmer-benin.org\/home\/wp-json\/wp\/v2\/posts\/1384\/revisions\/1390"}],"wp:featuredmedia":[{"embeddable":true,"href":"https:\/\/esmer-benin.org\/home\/wp-json\/wp\/v2\/media\/1385"}],"wp:attachment":[{"href":"https:\/\/esmer-benin.org\/home\/wp-json\/wp\/v2\/media?parent=1384"}],"wp:term":[{"taxonomy":"category","embeddable":true,"href":"https:\/\/esmer-benin.org\/home\/wp-json\/wp\/v2\/categories?post=1384"},{"taxonomy":"post_tag","embeddable":true,"href":"https:\/\/esmer-benin.org\/home\/wp-json\/wp\/v2\/tags?post=1384"}],"curies":[{"name":"wp","href":"https:\/\/api.w.org\/{rel}","templated":true}]}}