{"id":1377,"date":"2023-01-30T07:38:00","date_gmt":"2023-01-30T07:38:00","guid":{"rendered":"https:\/\/esmer-benin.org\/home\/?p=1377"},"modified":"2023-02-28T10:49:25","modified_gmt":"2023-02-28T10:49:25","slug":"le-prof-teko-napporn-de-institut-de-chimie-des-milieux-et-materiaux-de-poitiers-en-france-partage-ses-qualites-scientifiques-avec-lesmer-sur-les-programmes-de-formation-l","status":"publish","type":"post","link":"https:\/\/esmer-benin.org\/home\/le-prof-teko-napporn-de-institut-de-chimie-des-milieux-et-materiaux-de-poitiers-en-france-partage-ses-qualites-scientifiques-avec-lesmer-sur-les-programmes-de-formation-l\/","title":{"rendered":"Le Prof. T\u00eako NAPPORN de Institut de Chimie des Milieux et Mat\u00e9riaux\u00a0 de Poitiers en France partage ses qualit\u00e9s scientifiques avec l\u2019ESMER sur\u00a0 les programmes de formation, l\u2019Interdisciplinarit\u00e9 dans l\u2019\u00e9nergie,\u00a0 l\u2019Hydrog\u00e8ne et ses enjeux de demain"},"content":{"rendered":"\n<p>Du 23 au 27 Janvier 2023, le Directeur de Recherche&nbsp; du Centre National de Recherche Scientifique (CNRS), et de Institut de Chimie des Milieux et Mat\u00e9riaux&nbsp; de Poitiers de France,&nbsp; Professeur T\u00eako W. NAPPORN&nbsp; a pass\u00e9 un s\u00e9jour d\u2019expertise&nbsp; scientifique au sein de notre \u00e9tablissement,&nbsp; l\u2019Ecole Sup\u00e9rieure des M\u00e9tiers des Energies Renouvelables (ESMER) au B\u00e9nin.&nbsp;<\/p>\n\n\n\n<p>Durant son s\u00e9jour, l\u2019Enseignant-Chercheur a eu des \u00e9changes avec la direction g\u00e9n\u00e9rale&nbsp; sur nos programmes de formation en&nbsp; licence et&nbsp; Master. Des programmes auxquels, l\u2019Expert a apport\u00e9 de nouveaux outils afin de renforcer son caract\u00e8re scientifique, technologique et innovateur. A cet effet, le Professeur NAPPORN a fait le constat des avanc\u00e9es de notre \u00e9cole dans la mise en place&nbsp; des bases d\u2019un laboratoire d\u00e9di\u00e9 \u00e0 la technologie Hydrog\u00e8ne&nbsp; (pile \u00e0 combustible et \u00e9lectrolyseur&nbsp; de l\u2019eau) depuis sa cr\u00e9ation en 2015.&nbsp;<\/p>\n\n\n\n<p>D\u00e9roul\u00e9 en pr\u00e9sence du Pr\u00e9sident Directeur G\u00e9n\u00e9ral de l\u2019ESMER, Monsieur F\u00e9lix Comlan EBO, le s\u00e9jour du scientifique a \u00e9t\u00e9 aussi marqu\u00e9 par l\u2019organisation de deux&nbsp; grandes conf\u00e9rences scientifiques en faveur de nos \u00e9tudiants sur les th\u00e8mes&nbsp;: \u00ab&nbsp;L\u2019interdisciplinarit\u00e9 dans le domaine de l\u2019\u00e9nergie&nbsp;\u00bb et&nbsp; \u00ab&nbsp;L\u2019Hydrog\u00e8ne et les enjeux de demain&nbsp;\u00bb.&nbsp; Au terme de son s\u00e9jour, le Professeur T\u00e8ko NAPPORN s\u2019est dit fier de se retrouver face \u00e0 lui, des \u00e9tudiants tr\u00e8s dynamiques dans une inter-action qui a favoris\u00e9 les \u00e9changes.&nbsp;<\/p>\n\n\n\n<figure class=\"wp-block-image size-full\"><img loading=\"lazy\" decoding=\"async\" width=\"800\" height=\"600\" src=\"https:\/\/esmer-benin.org\/home\/wp-content\/uploads\/2023\/02\/Frame-2-1.jpg\" alt=\"\" class=\"wp-image-1379\" srcset=\"https:\/\/esmer-benin.org\/home\/wp-content\/uploads\/2023\/02\/Frame-2-1.jpg 800w, https:\/\/esmer-benin.org\/home\/wp-content\/uploads\/2023\/02\/Frame-2-1-300x225.jpg 300w, https:\/\/esmer-benin.org\/home\/wp-content\/uploads\/2023\/02\/Frame-2-1-150x113.jpg 150w, https:\/\/esmer-benin.org\/home\/wp-content\/uploads\/2023\/02\/Frame-2-1-768x576.jpg 768w\" sizes=\"auto, (max-width: 800px) 100vw, 800px\" \/><\/figure>\n\n\n\n<figure class=\"wp-block-image size-full\"><img loading=\"lazy\" decoding=\"async\" width=\"800\" height=\"600\" src=\"https:\/\/esmer-benin.org\/home\/wp-content\/uploads\/2023\/02\/Frame-3-3.jpg\" alt=\"\" class=\"wp-image-1380\" srcset=\"https:\/\/esmer-benin.org\/home\/wp-content\/uploads\/2023\/02\/Frame-3-3.jpg 800w, https:\/\/esmer-benin.org\/home\/wp-content\/uploads\/2023\/02\/Frame-3-3-300x225.jpg 300w, https:\/\/esmer-benin.org\/home\/wp-content\/uploads\/2023\/02\/Frame-3-3-150x113.jpg 150w, https:\/\/esmer-benin.org\/home\/wp-content\/uploads\/2023\/02\/Frame-3-3-768x576.jpg 768w\" sizes=\"auto, (max-width: 800px) 100vw, 800px\" \/><\/figure>\n\n\n\n<figure class=\"wp-block-image size-full\"><img loading=\"lazy\" decoding=\"async\" width=\"800\" height=\"600\" src=\"https:\/\/esmer-benin.org\/home\/wp-content\/uploads\/2023\/02\/Frame-4-3.jpg\" alt=\"\" class=\"wp-image-1381\" srcset=\"https:\/\/esmer-benin.org\/home\/wp-content\/uploads\/2023\/02\/Frame-4-3.jpg 800w, https:\/\/esmer-benin.org\/home\/wp-content\/uploads\/2023\/02\/Frame-4-3-300x225.jpg 300w, https:\/\/esmer-benin.org\/home\/wp-content\/uploads\/2023\/02\/Frame-4-3-150x113.jpg 150w, https:\/\/esmer-benin.org\/home\/wp-content\/uploads\/2023\/02\/Frame-4-3-768x576.jpg 768w\" sizes=\"auto, (max-width: 800px) 100vw, 800px\" \/><\/figure>\n\n\n\n<figure class=\"wp-block-image size-full\"><img loading=\"lazy\" decoding=\"async\" width=\"800\" height=\"600\" src=\"https:\/\/esmer-benin.org\/home\/wp-content\/uploads\/2023\/02\/Frame-5-3.jpg\" alt=\"\" class=\"wp-image-1382\" srcset=\"https:\/\/esmer-benin.org\/home\/wp-content\/uploads\/2023\/02\/Frame-5-3.jpg 800w, https:\/\/esmer-benin.org\/home\/wp-content\/uploads\/2023\/02\/Frame-5-3-300x225.jpg 300w, https:\/\/esmer-benin.org\/home\/wp-content\/uploads\/2023\/02\/Frame-5-3-150x113.jpg 150w, https:\/\/esmer-benin.org\/home\/wp-content\/uploads\/2023\/02\/Frame-5-3-768x576.jpg 768w\" sizes=\"auto, (max-width: 800px) 100vw, 800px\" \/><\/figure>\n\n\n\n<figure class=\"wp-block-image size-full\"><img loading=\"lazy\" decoding=\"async\" width=\"800\" height=\"600\" src=\"https:\/\/esmer-benin.org\/home\/wp-content\/uploads\/2023\/02\/Frame-1-2-1.jpg\" alt=\"\" class=\"wp-image-1412\" srcset=\"https:\/\/esmer-benin.org\/home\/wp-content\/uploads\/2023\/02\/Frame-1-2-1.jpg 800w, https:\/\/esmer-benin.org\/home\/wp-content\/uploads\/2023\/02\/Frame-1-2-1-300x225.jpg 300w, https:\/\/esmer-benin.org\/home\/wp-content\/uploads\/2023\/02\/Frame-1-2-1-150x113.jpg 150w, https:\/\/esmer-benin.org\/home\/wp-content\/uploads\/2023\/02\/Frame-1-2-1-768x576.jpg 768w\" sizes=\"auto, (max-width: 800px) 100vw, 800px\" \/><\/figure>\n","protected":false},"excerpt":{"rendered":"<p>Du 23 au 27 Janvier 2023, le Directeur de Recherche&nbsp; du Centre National de Recherche Scientifique (CNRS), et de Institut de Chimie des Milieux et Mat\u00e9riaux&nbsp; de Poitiers de France,&nbsp; Professeur T\u00eako W. NAPPORN&nbsp; a pass\u00e9 un s\u00e9jour d\u2019expertise&nbsp; scientifique au sein de notre \u00e9tablissement,&nbsp; l\u2019Ecole Sup\u00e9rieure des M\u00e9tiers des Energies Renouvelables (ESMER) au B\u00e9nin.&nbsp;&#8230;<\/p>\n","protected":false},"author":1,"featured_media":1378,"comment_status":"closed","ping_status":"open","sticky":false,"template":"","format":"standard","meta":{"footnotes":""},"categories":[12],"tags":[],"class_list":["post-1377","post","type-post","status-publish","format-standard","has-post-thumbnail","hentry","category-activites"],"_links":{"self":[{"href":"https:\/\/esmer-benin.org\/home\/wp-json\/wp\/v2\/posts\/1377","targetHints":{"allow":["GET"]}}],"collection":[{"href":"https:\/\/esmer-benin.org\/home\/wp-json\/wp\/v2\/posts"}],"about":[{"href":"https:\/\/esmer-benin.org\/home\/wp-json\/wp\/v2\/types\/post"}],"author":[{"embeddable":true,"href":"https:\/\/esmer-benin.org\/home\/wp-json\/wp\/v2\/users\/1"}],"replies":[{"embeddable":true,"href":"https:\/\/esmer-benin.org\/home\/wp-json\/wp\/v2\/comments?post=1377"}],"version-history":[{"count":3,"href":"https:\/\/esmer-benin.org\/home\/wp-json\/wp\/v2\/posts\/1377\/revisions"}],"predecessor-version":[{"id":1413,"href":"https:\/\/esmer-benin.org\/home\/wp-json\/wp\/v2\/posts\/1377\/revisions\/1413"}],"wp:featuredmedia":[{"embeddable":true,"href":"https:\/\/esmer-benin.org\/home\/wp-json\/wp\/v2\/media\/1378"}],"wp:attachment":[{"href":"https:\/\/esmer-benin.org\/home\/wp-json\/wp\/v2\/media?parent=1377"}],"wp:term":[{"taxonomy":"category","embeddable":true,"href":"https:\/\/esmer-benin.org\/home\/wp-json\/wp\/v2\/categories?post=1377"},{"taxonomy":"post_tag","embeddable":true,"href":"https:\/\/esmer-benin.org\/home\/wp-json\/wp\/v2\/tags?post=1377"}],"curies":[{"name":"wp","href":"https:\/\/api.w.org\/{rel}","templated":true}]}}