{"id":1355,"date":"2022-12-19T09:03:00","date_gmt":"2022-12-19T09:03:00","guid":{"rendered":"https:\/\/esmer-benin.org\/home\/?p=1355"},"modified":"2023-02-24T10:29:48","modified_gmt":"2023-02-24T10:29:48","slug":"lesmer-abrite-ladmission-de-26-nouveaux-techniciens-de-diverses-nationalites-admis-a-la-deuxieme-edition-de-lexamen-regional-de-certification-des-techniciens-en-systemes-photovolta","status":"publish","type":"post","link":"https:\/\/esmer-benin.org\/home\/lesmer-abrite-ladmission-de-26-nouveaux-techniciens-de-diverses-nationalites-admis-a-la-deuxieme-edition-de-lexamen-regional-de-certification-des-techniciens-en-systemes-photovolta\/","title":{"rendered":"L\u2019ESMER abrite l\u2019admission de 26 nouveaux techniciens de diverses nationalit\u00e9s admis \u00e0 la deuxi\u00e8me \u00e9dition de l&rsquo;examen r\u00e9gional de certification des techniciens en syst\u00e8mes photovolta\u00efques hors r\u00e9seau\u00a0"},"content":{"rendered":"\n<p>L&rsquo;Ecole Sup\u00e9rieure des M\u00e9tiers des Energies Renouvelables (ESMER) a abrit\u00e9 du lundi 12 au mercredi 14 d\u00e9cembre 2022, la deuxi\u00e8me \u00e9dition de l&rsquo;examen r\u00e9gional de Certification des techniciens en syst\u00e8mes photovolta\u00efques hors r\u00e9seau. Organis\u00e9 par le Centre pour les \u00c9nergies Renouvelables et l&rsquo;Efficacit\u00e9 \u00c9nerg\u00e9tique de la CEDEAO (CEREEC \/ ECREEE) en collaboration avec l&rsquo;ABERME et notre \u00e9cole, il a&nbsp; connu une c\u00e9r\u00e9monie de remise de certificats de qualification \u00e0 26 nouveaux techniciens de diverses nationalit\u00e9s admis.&nbsp;<\/p>\n\n\n\n<p>La c\u00e9r\u00e9monie a eu lieu le vendredi 16 d\u00e9cembre 2022 dans nos locaux \u00e0 l\u2019ESMER,&nbsp; en pr\u00e9sence du&nbsp; Ministre de l&rsquo;\u00c9nergie, Monsieur Dona Jean-Claude HOUSSOU, du repr\u00e9sentant du Directeur Ex\u00e9cutif de ECREEE Monsieur KOUASSI Alexis, de la Repr\u00e9sentante du PDG\/ESMER, Madame Rosaline DADAVI EBO, du Repr\u00e9sentant de la GIZ, Monsieur Mansour Assani DAHOUENOU, du DGA\/ABERME, Monsieur Florent FICO, des \u00e9valuateurs en provenance de plusieurs pays et des r\u00e9cipiendaires.&nbsp;<\/p>\n\n\n\n<p><br><br>Dans son mot de bienvenue, la Repr\u00e9sentante du Directeur G\u00e9n\u00e9ral de l&rsquo;ESMER, Madame Rosaline DADAVI a f\u00e9licit\u00e9 les laur\u00e9ats pour leur engagement et rassure qu&rsquo;avec cette certification, c&rsquo;est une tr\u00e8s grande opportunit\u00e9 qui s&rsquo;offre \u00e0 eux car les \u00e9nergies renouvelables prennent une part importante dans le Programme d&rsquo;Action du Gouvernement.&nbsp;<br><br>\u00ab Le B\u00e9nin fait cet honneur de pousser, d&rsquo;avoir ce nombre important de certifi\u00e9s. \u00c0 la GIZ, nous allons, aux c\u00f4t\u00e9s de ECREEE continuer d&rsquo;appuyer ce dispositif. Et je salue l\u2019engagement de l\u2019ESMER \u00e0 accepter mobiliser les candidats pour que nous soyons \u00e0 ce fort taux de participation. J\u2019ai ensuite d\u00e9couvert ici un dispositif qui est \u00e0 la hauteur de cet examen. J\u2019en salue le promoteur pour tous les efforts \u00bb a martel\u00e9 le Repr\u00e9sentant de la GIZ, Monsieur Mansour Assani DAHOUENOU.&nbsp;<\/p>\n\n\n\n<p>Et pour le Repr\u00e9sentant du Directeur Ex\u00e9cutif de ECREEE, Monsieur KOUASSI Alexis, l&rsquo;organisation de ce deuxi\u00e8me examen par ECREEE et l&rsquo;ABERME vient rendre op\u00e9rationnel le syst\u00e8me r\u00e9gional de certification au B\u00e9nin. Il indique que le programme se poursuivra par des sessions r\u00e9guli\u00e8res de formations sp\u00e9cifiques \u00e0 l&rsquo;endroit des professionnels du secteur des \u00e9nergies renouvelables et de l&rsquo;efficacit\u00e9 \u00e9nerg\u00e9tique avec l&rsquo;appui technique de ECREEE et des centres de formations qui seront recrut\u00e9s.&nbsp;<\/p>\n\n\n\n<p>\u00ab Cet examen de certification est une contribution forte \u00e0 la \u00a0\u00bb trilogie gagnante Entreprises &#8211; \u00c9coles &#8211; Minist\u00e8re\u00a0\u00bb, une initiative port\u00e9e par le Ministre de l&rsquo;\u00c9nergie&nbsp; \u00bb rench\u00e9rit le Directeur G\u00e9n\u00e9ral Adjoint de l&rsquo;ABERME Monsieur Florent FICO.&nbsp;<\/p>\n\n\n\n<p>Avant la remise proprement dite des Certificats, le Ministre de l&rsquo;\u00e9nergie, apr\u00e8s avoir f\u00e9licit\u00e9 les r\u00e9cipiendaires ainsi que les diff\u00e9rents acteurs et partenaires, affirme que ce vaste programme de formations est un programme de changement \u00e0 travers cette certification pour les techniciens en \u00e9nergies solaires hors r\u00e9seau. Il rappelle la part importante qu&rsquo;occupe les \u00e9nergies renouvelables dans le Programme d&rsquo;Action du Gouvernement et \u00e0 laquelle le Gouvernement travaille sans rel\u00e2che.&nbsp;<\/p>\n\n\n\n<p>Cette volont\u00e9 du Gouvernement se traduit d\u00e9j\u00e0 par la construction \u00e0 Illoulofin d&rsquo;une premi\u00e8re centrale solaire photovolta\u00efque de 25 Mwc qui s&rsquo;\u00e9tendra \u00e0 50 Mwc d&rsquo;ici quelques mois. Le Ministre \u00e9met un v\u0153u : \u00ab Mon souhait est que le B\u00e9nin devienne un hub de d\u00e9veloppement des comp\u00e9tences en \u00e9nergies renouvelables en Afrique de l&rsquo;Ouest \u00bb. Il est important et primordial de rappeler que cette initiative s&rsquo;inscrit dans le cadre du Programme de Certification des comp\u00e9tences en mati\u00e8re d&rsquo;\u00e9nergie durable de la CEDEAO \/ ECREEE et soutenue par l&rsquo;Agence Allemande de Coop\u00e9ration Internationale (GIZ).&nbsp;<\/p>\n\n\n\n<p>En plus des 26 nouveaux techniciens, 13 autres anciens techniciens ont renouvel\u00e9 leurs certificats pour les cinq prochaines ann\u00e9es. Il faut noter que ce certificat ouvre la voie des 15 pays membres de la CEDEAO aux r\u00e9cipiendaires, d\u00e9sormais qualifi\u00e9s dans tout l\u2019espace de la communaut\u00e9.&nbsp;<\/p>\n\n\n\n<figure class=\"wp-block-image size-full\"><img loading=\"lazy\" decoding=\"async\" width=\"800\" height=\"600\" src=\"https:\/\/esmer-benin.org\/home\/wp-content\/uploads\/2023\/02\/Frame-3.jpg\" alt=\"\" class=\"wp-image-1358\" srcset=\"https:\/\/esmer-benin.org\/home\/wp-content\/uploads\/2023\/02\/Frame-3.jpg 800w, https:\/\/esmer-benin.org\/home\/wp-content\/uploads\/2023\/02\/Frame-3-300x225.jpg 300w, https:\/\/esmer-benin.org\/home\/wp-content\/uploads\/2023\/02\/Frame-3-150x113.jpg 150w, https:\/\/esmer-benin.org\/home\/wp-content\/uploads\/2023\/02\/Frame-3-768x576.jpg 768w\" sizes=\"auto, (max-width: 800px) 100vw, 800px\" \/><\/figure>\n\n\n\n<figure class=\"wp-block-image size-full\"><img loading=\"lazy\" decoding=\"async\" width=\"800\" height=\"600\" src=\"https:\/\/esmer-benin.org\/home\/wp-content\/uploads\/2023\/02\/Frame-4.jpg\" alt=\"\" class=\"wp-image-1359\" srcset=\"https:\/\/esmer-benin.org\/home\/wp-content\/uploads\/2023\/02\/Frame-4.jpg 800w, https:\/\/esmer-benin.org\/home\/wp-content\/uploads\/2023\/02\/Frame-4-300x225.jpg 300w, https:\/\/esmer-benin.org\/home\/wp-content\/uploads\/2023\/02\/Frame-4-150x113.jpg 150w, https:\/\/esmer-benin.org\/home\/wp-content\/uploads\/2023\/02\/Frame-4-768x576.jpg 768w\" sizes=\"auto, (max-width: 800px) 100vw, 800px\" \/><\/figure>\n\n\n\n<figure class=\"wp-block-image size-full\"><img loading=\"lazy\" decoding=\"async\" width=\"800\" height=\"600\" src=\"https:\/\/esmer-benin.org\/home\/wp-content\/uploads\/2023\/02\/Frame-5.jpg\" alt=\"\" class=\"wp-image-1360\" srcset=\"https:\/\/esmer-benin.org\/home\/wp-content\/uploads\/2023\/02\/Frame-5.jpg 800w, https:\/\/esmer-benin.org\/home\/wp-content\/uploads\/2023\/02\/Frame-5-300x225.jpg 300w, https:\/\/esmer-benin.org\/home\/wp-content\/uploads\/2023\/02\/Frame-5-150x113.jpg 150w, https:\/\/esmer-benin.org\/home\/wp-content\/uploads\/2023\/02\/Frame-5-768x576.jpg 768w\" sizes=\"auto, (max-width: 800px) 100vw, 800px\" \/><\/figure>\n","protected":false},"excerpt":{"rendered":"<p>L&rsquo;Ecole Sup\u00e9rieure des M\u00e9tiers des Energies Renouvelables (ESMER) a abrit\u00e9 du lundi 12 au mercredi 14 d\u00e9cembre 2022, la deuxi\u00e8me \u00e9dition de l&rsquo;examen r\u00e9gional de Certification des techniciens en syst\u00e8mes photovolta\u00efques hors r\u00e9seau. Organis\u00e9 par le Centre pour les \u00c9nergies Renouvelables et l&rsquo;Efficacit\u00e9 \u00c9nerg\u00e9tique de la CEDEAO (CEREEC \/ ECREEE) en collaboration avec l&rsquo;ABERME et&#8230;<\/p>\n","protected":false},"author":1,"featured_media":1356,"comment_status":"closed","ping_status":"open","sticky":false,"template":"","format":"standard","meta":{"footnotes":""},"categories":[12],"tags":[],"class_list":["post-1355","post","type-post","status-publish","format-standard","has-post-thumbnail","hentry","category-activites"],"_links":{"self":[{"href":"https:\/\/esmer-benin.org\/home\/wp-json\/wp\/v2\/posts\/1355","targetHints":{"allow":["GET"]}}],"collection":[{"href":"https:\/\/esmer-benin.org\/home\/wp-json\/wp\/v2\/posts"}],"about":[{"href":"https:\/\/esmer-benin.org\/home\/wp-json\/wp\/v2\/types\/post"}],"author":[{"embeddable":true,"href":"https:\/\/esmer-benin.org\/home\/wp-json\/wp\/v2\/users\/1"}],"replies":[{"embeddable":true,"href":"https:\/\/esmer-benin.org\/home\/wp-json\/wp\/v2\/comments?post=1355"}],"version-history":[{"count":4,"href":"https:\/\/esmer-benin.org\/home\/wp-json\/wp\/v2\/posts\/1355\/revisions"}],"predecessor-version":[{"id":1365,"href":"https:\/\/esmer-benin.org\/home\/wp-json\/wp\/v2\/posts\/1355\/revisions\/1365"}],"wp:featuredmedia":[{"embeddable":true,"href":"https:\/\/esmer-benin.org\/home\/wp-json\/wp\/v2\/media\/1356"}],"wp:attachment":[{"href":"https:\/\/esmer-benin.org\/home\/wp-json\/wp\/v2\/media?parent=1355"}],"wp:term":[{"taxonomy":"category","embeddable":true,"href":"https:\/\/esmer-benin.org\/home\/wp-json\/wp\/v2\/categories?post=1355"},{"taxonomy":"post_tag","embeddable":true,"href":"https:\/\/esmer-benin.org\/home\/wp-json\/wp\/v2\/tags?post=1355"}],"curies":[{"name":"wp","href":"https:\/\/api.w.org\/{rel}","templated":true}]}}