{"id":1347,"date":"2022-11-29T12:41:04","date_gmt":"2022-11-29T12:41:04","guid":{"rendered":"https:\/\/esmer-benin.org\/home\/?p=1347"},"modified":"2023-02-24T10:29:45","modified_gmt":"2023-02-24T10:29:45","slug":"lecole-superieure-des-metiers-des-energies-renouvelables-esmer-enregistre-100-de-reussite-a-lexamen-national-de-licence-2022-en-energies-renouvelables","status":"publish","type":"post","link":"https:\/\/esmer-benin.org\/home\/lecole-superieure-des-metiers-des-energies-renouvelables-esmer-enregistre-100-de-reussite-a-lexamen-national-de-licence-2022-en-energies-renouvelables\/","title":{"rendered":"L\u2019\u00c9cole Sup\u00e9rieure des M\u00e9tiers des \u00c9nergies Renouvelables (ESMER)\u00a0enregistre 100% de r\u00e9ussite \u00e0 l&rsquo;examen national de licence\u00a0 2022\u00a0 en Energies Renouvelables"},"content":{"rendered":"\n<p>L\u2019\u00c9cole Sup\u00e9rieure des M\u00e9tiers des \u00c9nergies Renouvelables (ESMER) donne&nbsp; un r\u00e9sultat merveilleux \u00e0 la session 2022 de l&rsquo;examen national de Licence au B\u00e9nin. A cette 5\u00e8me&nbsp; participation, elle a obtenu un taux d\u2019admissibilit\u00e9 de 100%. Le verdict a \u00e9t\u00e9 prononc\u00e9 \u00e0 l\u2019issue de la d\u00e9lib\u00e9ration et de la proclamation des r\u00e9sultats, le vendredi 25 Novembre&nbsp; 2022 par la Direction des Examens et Concours (DEC) du Minist\u00e8re de l\u2019Enseignement Sup\u00e9rieur et de la Recherche Scientifique.<\/p>\n\n\n\n<p>A l\u2019annonce des r\u00e9sultats, le promoteur de l\u2019\u00e9cole, Monsieur F\u00e9lix Comlan EBO, a exprim\u00e9 sa joie face \u00e0 cette prouesse qui vient confirmer la qualit\u00e9 de la formation donn\u00e9e aux apprenants de la 1\u00e8re \u00e9cole sup\u00e9rieure priv\u00e9e en \u00e9nergies renouvelables sise \u00e0 Togoudo \u00e0 Abomey Calavi. Il est \u00e0 noter que cet \u00e9tablissement fait des merveilles en termes de formation th\u00e9orique et pratique depuis sa cr\u00e9ation en 2015.<\/p>\n","protected":false},"excerpt":{"rendered":"<p>L\u2019\u00c9cole Sup\u00e9rieure des M\u00e9tiers des \u00c9nergies Renouvelables (ESMER) donne&nbsp; un r\u00e9sultat merveilleux \u00e0 la session 2022 de l&rsquo;examen national de Licence au B\u00e9nin. A cette 5\u00e8me&nbsp; participation, elle a obtenu un taux d\u2019admissibilit\u00e9 de 100%. Le verdict a \u00e9t\u00e9 prononc\u00e9 \u00e0 l\u2019issue de la d\u00e9lib\u00e9ration et de la proclamation des r\u00e9sultats, le vendredi 25 Novembre&nbsp;&#8230;<\/p>\n","protected":false},"author":1,"featured_media":1353,"comment_status":"closed","ping_status":"open","sticky":false,"template":"","format":"standard","meta":{"footnotes":""},"categories":[12],"tags":[],"class_list":["post-1347","post","type-post","status-publish","format-standard","has-post-thumbnail","hentry","category-activites"],"_links":{"self":[{"href":"https:\/\/esmer-benin.org\/home\/wp-json\/wp\/v2\/posts\/1347","targetHints":{"allow":["GET"]}}],"collection":[{"href":"https:\/\/esmer-benin.org\/home\/wp-json\/wp\/v2\/posts"}],"about":[{"href":"https:\/\/esmer-benin.org\/home\/wp-json\/wp\/v2\/types\/post"}],"author":[{"embeddable":true,"href":"https:\/\/esmer-benin.org\/home\/wp-json\/wp\/v2\/users\/1"}],"replies":[{"embeddable":true,"href":"https:\/\/esmer-benin.org\/home\/wp-json\/wp\/v2\/comments?post=1347"}],"version-history":[{"count":1,"href":"https:\/\/esmer-benin.org\/home\/wp-json\/wp\/v2\/posts\/1347\/revisions"}],"predecessor-version":[{"id":1350,"href":"https:\/\/esmer-benin.org\/home\/wp-json\/wp\/v2\/posts\/1347\/revisions\/1350"}],"wp:featuredmedia":[{"embeddable":true,"href":"https:\/\/esmer-benin.org\/home\/wp-json\/wp\/v2\/media\/1353"}],"wp:attachment":[{"href":"https:\/\/esmer-benin.org\/home\/wp-json\/wp\/v2\/media?parent=1347"}],"wp:term":[{"taxonomy":"category","embeddable":true,"href":"https:\/\/esmer-benin.org\/home\/wp-json\/wp\/v2\/categories?post=1347"},{"taxonomy":"post_tag","embeddable":true,"href":"https:\/\/esmer-benin.org\/home\/wp-json\/wp\/v2\/tags?post=1347"}],"curies":[{"name":"wp","href":"https:\/\/api.w.org\/{rel}","templated":true}]}}