{"id":1338,"date":"2022-11-29T12:28:45","date_gmt":"2022-11-29T12:28:45","guid":{"rendered":"https:\/\/esmer-benin.org\/home\/?p=1338"},"modified":"2023-02-24T10:29:36","modified_gmt":"2023-02-24T10:29:36","slug":"lesmer-forme-des-techniciens-sur-linstallation-et-la-maintenance-des-systemes-solaires-photovoltaiques-a-usage-domestique","status":"publish","type":"post","link":"https:\/\/esmer-benin.org\/home\/lesmer-forme-des-techniciens-sur-linstallation-et-la-maintenance-des-systemes-solaires-photovoltaiques-a-usage-domestique\/","title":{"rendered":"L\u2019ESMER forme des techniciens sur l\u2019Installation et la maintenance des syst\u00e8mes solaires photovolta\u00efques\u00a0\u00e0 usage domestique"},"content":{"rendered":"\n<p>L\u2019Ecole Sup\u00e9rieure des M\u00e9tiers des Energies Renouvelables (ESMER) forme depuis ce lundi 28 Novembre 2022 dans ses locaux \u00e0 Abomey-Calavi, des techniciens et professionnels venus des locait\u00e9s du B\u00e9nin.&nbsp;<\/p>\n\n\n\n<p>Organis\u00e9e avec&nbsp; le soutien du&nbsp; Centre d\u2019Excellence R\u00e9gionale pour la Ma\u00eetrise de l\u2019Electricit\u00e9 (CERME) bas\u00e9 \u00e0 l\u2019Universit\u00e9 de Lom\u00e9 au Togo dans le&nbsp; projet des Centres d\u2019Excellence Africains \u00e0 impact (CEA-Impact) sur le d\u00e9v\u00e9loppement socio \u00e9conomique de l\u2019Afrique, cette formation a \u00e9t\u00e9 financ\u00e9e par la Banque Mondiale (BM) avec l\u2019appui technique de l\u2019Association des Universit\u00e9 Africaines (AUA).<\/p>\n\n\n\n<p>Pr\u00e9vue pour durer du Lundi 28 Novembre au Samedi 03 D\u00e9cembre 2022, elle vise selon le Repr\u00e9sentant du CERME, Monsieur Yao BOKOVI, \u00e0 renforcer les capacit\u00e9s des professionnels du m\u00e9tier dans l\u2019acquisition des comp\u00e9tences pour le choix, l\u2019installation, le fonctionnement et la maintenance d\u2019un syst\u00e8me solaire photovolta\u00efque \u00e0 usage domestique. Ceci dans l\u2019optique de permettre l\u2019accroissement de l\u2019\u00e9lectrification en marche en Afrique. Au regard des comp\u00e9tences et des \u00e9quipements de l\u2019ESMER, il a dit les remerciements du CERME au Pr\u00e9sident Fondateur de l\u2019ESMER, Monsieur F\u00e9lix Comlan EBO pour la qualit\u00e9 du cadre de formation, des dispositions et des formateurs. \u00ab&nbsp;Au terme de cette formation, dans les mois et ann\u00e9es \u00e0 venir, beaucoup de choses sortiront de cette collaboration&nbsp; qui vient de d\u00e9marrer&nbsp;\u00bb a promis&nbsp; Monsieur Yao BOKOVI.&nbsp;<\/p>\n\n\n\n<p>Au nom de l\u2019ESMER, Monsieur Carnis HONVOU a salu\u00e9 l\u2019initiative de cette formation confi\u00e9e \u00e0 la premi\u00e8re \u00e9cole priv\u00e9e du B\u00e9nin, sp\u00e9cialis\u00e9e dans de la formation en Energies Renouvelables. A ce titre, il a rassur\u00e9&nbsp; de ce que l\u2019ESMER mettra les moyens techniques n\u00e9cessaires pour atteindre les objectifs attendus par le CERME.&nbsp;<\/p>\n\n\n\n<p>L\u2019occasion a \u00e9galement \u00e9t\u00e9 pour le Responsable des formateurs, Monsieur Isdeen YAYA NADJO de d\u00e9cliner le contenu de cette formation pratique de courte dur\u00e9e.&nbsp;&nbsp;<\/p>\n\n\n\n<p>Rappelons que la m\u00eame formation s\u2019est d\u00e9j\u00e0 d\u00e9roul\u00e9e au Niger, au Burkina-Faso, en C\u00f4te d\u2019Ivoire et au Togo.\u00a0<\/p>\n\n\n\n<figure class=\"wp-block-image size-large\"><img loading=\"lazy\" decoding=\"async\" width=\"1024\" height=\"746\" src=\"https:\/\/esmer-benin.org\/home\/wp-content\/uploads\/2022\/11\/Capture-de\u0301cran-2022-11-29-a\u0300-13.40.16-1024x746.png\" alt=\"\" class=\"wp-image-1348\" srcset=\"https:\/\/esmer-benin.org\/home\/wp-content\/uploads\/2022\/11\/Capture-de\u0301cran-2022-11-29-a\u0300-13.40.16-1024x746.png 1024w, https:\/\/esmer-benin.org\/home\/wp-content\/uploads\/2022\/11\/Capture-de\u0301cran-2022-11-29-a\u0300-13.40.16-300x219.png 300w, https:\/\/esmer-benin.org\/home\/wp-content\/uploads\/2022\/11\/Capture-de\u0301cran-2022-11-29-a\u0300-13.40.16-150x109.png 150w, https:\/\/esmer-benin.org\/home\/wp-content\/uploads\/2022\/11\/Capture-de\u0301cran-2022-11-29-a\u0300-13.40.16-768x560.png 768w, https:\/\/esmer-benin.org\/home\/wp-content\/uploads\/2022\/11\/Capture-de\u0301cran-2022-11-29-a\u0300-13.40.16-1536x1120.png 1536w, https:\/\/esmer-benin.org\/home\/wp-content\/uploads\/2022\/11\/Capture-de\u0301cran-2022-11-29-a\u0300-13.40.16.png 1682w\" sizes=\"auto, (max-width: 1024px) 100vw, 1024px\" \/><\/figure>\n\n\n\n<figure class=\"wp-block-image size-large\"><img loading=\"lazy\" decoding=\"async\" width=\"1024\" height=\"766\" src=\"https:\/\/esmer-benin.org\/home\/wp-content\/uploads\/2022\/11\/Capture-de\u0301cran-2022-11-29-a\u0300-13.29.34-1024x766.png\" alt=\"\" class=\"wp-image-1344\" srcset=\"https:\/\/esmer-benin.org\/home\/wp-content\/uploads\/2022\/11\/Capture-de\u0301cran-2022-11-29-a\u0300-13.29.34-1024x766.png 1024w, https:\/\/esmer-benin.org\/home\/wp-content\/uploads\/2022\/11\/Capture-de\u0301cran-2022-11-29-a\u0300-13.29.34-300x224.png 300w, https:\/\/esmer-benin.org\/home\/wp-content\/uploads\/2022\/11\/Capture-de\u0301cran-2022-11-29-a\u0300-13.29.34-150x112.png 150w, https:\/\/esmer-benin.org\/home\/wp-content\/uploads\/2022\/11\/Capture-de\u0301cran-2022-11-29-a\u0300-13.29.34-768x575.png 768w, https:\/\/esmer-benin.org\/home\/wp-content\/uploads\/2022\/11\/Capture-de\u0301cran-2022-11-29-a\u0300-13.29.34-1536x1149.png 1536w, https:\/\/esmer-benin.org\/home\/wp-content\/uploads\/2022\/11\/Capture-de\u0301cran-2022-11-29-a\u0300-13.29.34.png 1676w\" sizes=\"auto, (max-width: 1024px) 100vw, 1024px\" \/><\/figure>\n","protected":false},"excerpt":{"rendered":"<p>L\u2019Ecole Sup\u00e9rieure des M\u00e9tiers des Energies Renouvelables (ESMER) forme depuis ce lundi 28 Novembre 2022 dans ses locaux \u00e0 Abomey-Calavi, des techniciens et professionnels venus des locait\u00e9s du B\u00e9nin.&nbsp; Organis\u00e9e avec&nbsp; le soutien du&nbsp; Centre d\u2019Excellence R\u00e9gionale pour la Ma\u00eetrise de l\u2019Electricit\u00e9 (CERME) bas\u00e9 \u00e0 l\u2019Universit\u00e9 de Lom\u00e9 au Togo dans le&nbsp; projet des Centres&#8230;<\/p>\n","protected":false},"author":1,"featured_media":1342,"comment_status":"closed","ping_status":"open","sticky":false,"template":"","format":"standard","meta":{"footnotes":""},"categories":[12],"tags":[],"class_list":["post-1338","post","type-post","status-publish","format-standard","has-post-thumbnail","hentry","category-activites"],"_links":{"self":[{"href":"https:\/\/esmer-benin.org\/home\/wp-json\/wp\/v2\/posts\/1338","targetHints":{"allow":["GET"]}}],"collection":[{"href":"https:\/\/esmer-benin.org\/home\/wp-json\/wp\/v2\/posts"}],"about":[{"href":"https:\/\/esmer-benin.org\/home\/wp-json\/wp\/v2\/types\/post"}],"author":[{"embeddable":true,"href":"https:\/\/esmer-benin.org\/home\/wp-json\/wp\/v2\/users\/1"}],"replies":[{"embeddable":true,"href":"https:\/\/esmer-benin.org\/home\/wp-json\/wp\/v2\/comments?post=1338"}],"version-history":[{"count":3,"href":"https:\/\/esmer-benin.org\/home\/wp-json\/wp\/v2\/posts\/1338\/revisions"}],"predecessor-version":[{"id":1352,"href":"https:\/\/esmer-benin.org\/home\/wp-json\/wp\/v2\/posts\/1338\/revisions\/1352"}],"wp:featuredmedia":[{"embeddable":true,"href":"https:\/\/esmer-benin.org\/home\/wp-json\/wp\/v2\/media\/1342"}],"wp:attachment":[{"href":"https:\/\/esmer-benin.org\/home\/wp-json\/wp\/v2\/media?parent=1338"}],"wp:term":[{"taxonomy":"category","embeddable":true,"href":"https:\/\/esmer-benin.org\/home\/wp-json\/wp\/v2\/categories?post=1338"},{"taxonomy":"post_tag","embeddable":true,"href":"https:\/\/esmer-benin.org\/home\/wp-json\/wp\/v2\/tags?post=1338"}],"curies":[{"name":"wp","href":"https:\/\/api.w.org\/{rel}","templated":true}]}}