{"id":1209,"date":"2018-06-12T07:39:07","date_gmt":"2018-06-12T07:39:07","guid":{"rendered":"http:\/\/www.esmer-benin.org\/?p=1209"},"modified":"2022-05-14T08:21:04","modified_gmt":"2022-05-14T08:21:04","slug":"premiere-edition-de-formation-a-lendroit-des-futurs-cadres-energeticiens","status":"publish","type":"post","link":"https:\/\/esmer-benin.org\/home\/premiere-edition-de-formation-a-lendroit-des-futurs-cadres-energeticiens\/","title":{"rendered":"Renforcement des capacit\u00e9s des \u00e9tudiants en fin de cursus scolaire pour la facilitation de leur insertion dans la vie professionnelle"},"content":{"rendered":"<p>Le 1er juin 2018 a pris fin au Centre de formation de la CEB, la premi\u00e8re \u00e9dition de formation \u00e0 l\u2019endroit des futurs cadres \u00e9nerg\u00e9ticiens sur le th\u00e8me \u00ab RENFORCEMENT DES CAPACITES DES ETUDIANTS EN FIN DE CURSUS SCOLAIRE POUR LA FACILITATION DE LEUR INSERTION DANS LA VIE PROFESSIONNELLE \u00bb. Dix journ\u00e9es de conf\u00e9rences enrichissantes auxquelles a particip\u00e9 l\u2019ESMER, repr\u00e9sent\u00e9e par sa jeune \u00e9quipe d\u2019ing\u00e9nieurs chevronn\u00e9s.<\/p>\n<p>Suscit\u00e9 par le Ministre de l\u2019\u00c9nergie de la r\u00e9publique du B\u00e9nin, la formation a re\u00e7u l\u2019accompagnement du RECASEB, de l\u2019UCPDER, de la Pr\u00e9sidence de la R\u00e9publique et de l\u2019Union Europ\u00e9enne. D\u2019importantes communications ont meubl\u00e9 les travaux qui \u00e9taient anim\u00e9s par des experts europ\u00e9ens et nationaux, des professionnels et des universitaires de haut rang.<\/p>\n<p>La cession a vu la participation de 120 jeunes dipl\u00f4m\u00e9s venus de l\u2019ESMER, de l\u2019EPAC et de l\u2019AISER. Les futurs professionnels du monde \u00e9nerg\u00e9tique ont b\u00e9n\u00e9fici\u00e9 de trois modules, \u00e0 savoir : la cr\u00e9ation d\u2019entreprise dans le monde professionnel, la simulation et l\u2019optimisation des syst\u00e8mes \u00e9nerg\u00e9tiques de production hybride et les mini r\u00e9seaux propres pour l\u2019\u00e9lectrification rurale y compris l\u2018\u00e9lectrification hors r\u00e9seau.<\/p>\n<p>Vu la qualit\u00e9 des formateurs et le niveau des \u00e9changes enrichissantes, l\u2019ESMER vient de poser un \u00e9ni\u00e8me pas de g\u00e9ant comme en t\u00e9moigne le Ministre de l\u2019\u00c9nergie lors de la c\u00e9r\u00e9monie de cl\u00f4ture. Selon lui, \u00ab l\u2019initiative de l\u2019ESMER par un op\u00e9rateur priv\u00e9 est fortement \u00e0 encourager \u00bb, en ce sens qu\u2019elle facilite la formation et le renforcement des capacit\u00e9s des acteurs, compte tenu du d\u00e9veloppement que conna\u00eet ce secteur. Elle m\u00e9rite tout l\u2019encouragement du gouvernement puisqu\u2019elle s\u2019inscrit parfaitement dans sa politique d\u2019action.<\/p>\n\n\t\t<style type=\"text\/css\">\n\t\t\t#gallery-1 {\n\t\t\t\tmargin: auto;\n\t\t\t}\n\t\t\t#gallery-1 .gallery-item {\n\t\t\t\tfloat: left;\n\t\t\t\tmargin-top: 10px;\n\t\t\t\ttext-align: center;\n\t\t\t\twidth: 33%;\n\t\t\t}\n\t\t\t#gallery-1 img {\n\t\t\t\tborder: 2px solid #cfcfcf;\n\t\t\t}\n\t\t\t#gallery-1 .gallery-caption {\n\t\t\t\tmargin-left: 0;\n\t\t\t}\n\t\t\t\/* see gallery_shortcode() in wp-includes\/media.php *\/\n\t\t<\/style>\n\t\t<div id='gallery-1' class='gallery galleryid-1209 gallery-columns-3 gallery-size-thumbnail'><dl class='gallery-item'>\n\t\t\t<dt class='gallery-icon landscape'>\n\t\t\t\t<a href='https:\/\/esmer-benin.org\/home\/premiere-edition-de-formation-a-lendroit-des-futurs-cadres-energeticiens\/1-15\/'><img loading=\"lazy\" decoding=\"async\" width=\"150\" height=\"113\" src=\"https:\/\/esmer-benin.org\/home\/wp-content\/uploads\/2018\/06\/1-150x113.jpeg\" class=\"attachment-thumbnail size-thumbnail\" alt=\"\" srcset=\"https:\/\/esmer-benin.org\/home\/wp-content\/uploads\/2018\/06\/1-150x113.jpeg 150w, https:\/\/esmer-benin.org\/home\/wp-content\/uploads\/2018\/06\/1-300x225.jpeg 300w, https:\/\/esmer-benin.org\/home\/wp-content\/uploads\/2018\/06\/1-768x576.jpeg 768w, https:\/\/esmer-benin.org\/home\/wp-content\/uploads\/2018\/06\/1-1024x768.jpeg 1024w, https:\/\/esmer-benin.org\/home\/wp-content\/uploads\/2018\/06\/1.jpeg 1040w\" sizes=\"auto, (max-width: 150px) 100vw, 150px\" \/><\/a>\n\t\t\t<\/dt><\/dl><dl class='gallery-item'>\n\t\t\t<dt class='gallery-icon portrait'>\n\t\t\t\t<a href='https:\/\/esmer-benin.org\/home\/premiere-edition-de-formation-a-lendroit-des-futurs-cadres-energeticiens\/2-8\/'><img loading=\"lazy\" decoding=\"async\" width=\"102\" height=\"150\" src=\"https:\/\/esmer-benin.org\/home\/wp-content\/uploads\/2018\/06\/2-102x150.jpeg\" class=\"attachment-thumbnail size-thumbnail\" alt=\"\" srcset=\"https:\/\/esmer-benin.org\/home\/wp-content\/uploads\/2018\/06\/2-102x150.jpeg 102w, https:\/\/esmer-benin.org\/home\/wp-content\/uploads\/2018\/06\/2-205x300.jpeg 205w, https:\/\/esmer-benin.org\/home\/wp-content\/uploads\/2018\/06\/2.jpeg 472w\" sizes=\"auto, (max-width: 102px) 100vw, 102px\" \/><\/a>\n\t\t\t<\/dt><\/dl><dl class='gallery-item'>\n\t\t\t<dt class='gallery-icon landscape'>\n\t\t\t\t<a href='https:\/\/esmer-benin.org\/home\/premiere-edition-de-formation-a-lendroit-des-futurs-cadres-energeticiens\/3-10\/'><img loading=\"lazy\" decoding=\"async\" width=\"150\" height=\"113\" src=\"https:\/\/esmer-benin.org\/home\/wp-content\/uploads\/2018\/06\/3-150x113.jpeg\" class=\"attachment-thumbnail size-thumbnail\" alt=\"\" srcset=\"https:\/\/esmer-benin.org\/home\/wp-content\/uploads\/2018\/06\/3-150x113.jpeg 150w, https:\/\/esmer-benin.org\/home\/wp-content\/uploads\/2018\/06\/3-300x225.jpeg 300w, https:\/\/esmer-benin.org\/home\/wp-content\/uploads\/2018\/06\/3-768x576.jpeg 768w, https:\/\/esmer-benin.org\/home\/wp-content\/uploads\/2018\/06\/3.jpeg 960w\" sizes=\"auto, (max-width: 150px) 100vw, 150px\" \/><\/a>\n\t\t\t<\/dt><\/dl><br style=\"clear: both\" \/><dl class='gallery-item'>\n\t\t\t<dt class='gallery-icon portrait'>\n\t\t\t\t<a href='https:\/\/esmer-benin.org\/home\/premiere-edition-de-formation-a-lendroit-des-futurs-cadres-energeticiens\/4-9\/'><img loading=\"lazy\" decoding=\"async\" width=\"86\" height=\"150\" src=\"https:\/\/esmer-benin.org\/home\/wp-content\/uploads\/2018\/06\/4-86x150.jpeg\" class=\"attachment-thumbnail size-thumbnail\" alt=\"\" srcset=\"https:\/\/esmer-benin.org\/home\/wp-content\/uploads\/2018\/06\/4-86x150.jpeg 86w, https:\/\/esmer-benin.org\/home\/wp-content\/uploads\/2018\/06\/4-173x300.jpeg 173w, https:\/\/esmer-benin.org\/home\/wp-content\/uploads\/2018\/06\/4.jpeg 468w\" sizes=\"auto, (max-width: 86px) 100vw, 86px\" \/><\/a>\n\t\t\t<\/dt><\/dl><dl class='gallery-item'>\n\t\t\t<dt class='gallery-icon landscape'>\n\t\t\t\t<a href='https:\/\/esmer-benin.org\/home\/premiere-edition-de-formation-a-lendroit-des-futurs-cadres-energeticiens\/5-7\/'><img loading=\"lazy\" decoding=\"async\" width=\"150\" height=\"113\" src=\"https:\/\/esmer-benin.org\/home\/wp-content\/uploads\/2018\/06\/5-150x113.jpeg\" class=\"attachment-thumbnail size-thumbnail\" alt=\"\" srcset=\"https:\/\/esmer-benin.org\/home\/wp-content\/uploads\/2018\/06\/5-150x113.jpeg 150w, https:\/\/esmer-benin.org\/home\/wp-content\/uploads\/2018\/06\/5-300x225.jpeg 300w, https:\/\/esmer-benin.org\/home\/wp-content\/uploads\/2018\/06\/5-768x576.jpeg 768w, https:\/\/esmer-benin.org\/home\/wp-content\/uploads\/2018\/06\/5.jpeg 960w\" sizes=\"auto, (max-width: 150px) 100vw, 150px\" \/><\/a>\n\t\t\t<\/dt><\/dl><dl class='gallery-item'>\n\t\t\t<dt class='gallery-icon landscape'>\n\t\t\t\t<a href='https:\/\/esmer-benin.org\/home\/premiere-edition-de-formation-a-lendroit-des-futurs-cadres-energeticiens\/6-7\/'><img loading=\"lazy\" decoding=\"async\" width=\"150\" height=\"113\" src=\"https:\/\/esmer-benin.org\/home\/wp-content\/uploads\/2018\/06\/6-150x113.jpeg\" class=\"attachment-thumbnail size-thumbnail\" alt=\"\" srcset=\"https:\/\/esmer-benin.org\/home\/wp-content\/uploads\/2018\/06\/6-150x113.jpeg 150w, https:\/\/esmer-benin.org\/home\/wp-content\/uploads\/2018\/06\/6-300x225.jpeg 300w, https:\/\/esmer-benin.org\/home\/wp-content\/uploads\/2018\/06\/6-768x576.jpeg 768w, https:\/\/esmer-benin.org\/home\/wp-content\/uploads\/2018\/06\/6.jpeg 960w\" sizes=\"auto, (max-width: 150px) 100vw, 150px\" \/><\/a>\n\t\t\t<\/dt><\/dl><br style=\"clear: both\" \/><dl class='gallery-item'>\n\t\t\t<dt class='gallery-icon landscape'>\n\t\t\t\t<a href='https:\/\/esmer-benin.org\/home\/premiere-edition-de-formation-a-lendroit-des-futurs-cadres-energeticiens\/7-5\/'><img loading=\"lazy\" decoding=\"async\" width=\"150\" height=\"113\" src=\"https:\/\/esmer-benin.org\/home\/wp-content\/uploads\/2018\/06\/7-150x113.jpeg\" class=\"attachment-thumbnail size-thumbnail\" alt=\"\" srcset=\"https:\/\/esmer-benin.org\/home\/wp-content\/uploads\/2018\/06\/7-150x113.jpeg 150w, https:\/\/esmer-benin.org\/home\/wp-content\/uploads\/2018\/06\/7-300x225.jpeg 300w, https:\/\/esmer-benin.org\/home\/wp-content\/uploads\/2018\/06\/7-768x576.jpeg 768w, https:\/\/esmer-benin.org\/home\/wp-content\/uploads\/2018\/06\/7.jpeg 960w\" sizes=\"auto, (max-width: 150px) 100vw, 150px\" \/><\/a>\n\t\t\t<\/dt><\/dl><dl class='gallery-item'>\n\t\t\t<dt class='gallery-icon landscape'>\n\t\t\t\t<a href='https:\/\/esmer-benin.org\/home\/premiere-edition-de-formation-a-lendroit-des-futurs-cadres-energeticiens\/8-6\/'><img loading=\"lazy\" decoding=\"async\" width=\"150\" height=\"113\" src=\"https:\/\/esmer-benin.org\/home\/wp-content\/uploads\/2018\/06\/8-150x113.jpeg\" class=\"attachment-thumbnail size-thumbnail\" alt=\"\" srcset=\"https:\/\/esmer-benin.org\/home\/wp-content\/uploads\/2018\/06\/8-150x113.jpeg 150w, https:\/\/esmer-benin.org\/home\/wp-content\/uploads\/2018\/06\/8-300x225.jpeg 300w, https:\/\/esmer-benin.org\/home\/wp-content\/uploads\/2018\/06\/8-768x576.jpeg 768w, https:\/\/esmer-benin.org\/home\/wp-content\/uploads\/2018\/06\/8.jpeg 960w\" sizes=\"auto, (max-width: 150px) 100vw, 150px\" \/><\/a>\n\t\t\t<\/dt><\/dl><dl class='gallery-item'>\n\t\t\t<dt class='gallery-icon landscape'>\n\t\t\t\t<a href='https:\/\/esmer-benin.org\/home\/premiere-edition-de-formation-a-lendroit-des-futurs-cadres-energeticiens\/9-2\/'><img loading=\"lazy\" decoding=\"async\" width=\"150\" height=\"113\" src=\"https:\/\/esmer-benin.org\/home\/wp-content\/uploads\/2018\/06\/9-150x113.jpeg\" class=\"attachment-thumbnail size-thumbnail\" alt=\"\" srcset=\"https:\/\/esmer-benin.org\/home\/wp-content\/uploads\/2018\/06\/9-150x113.jpeg 150w, https:\/\/esmer-benin.org\/home\/wp-content\/uploads\/2018\/06\/9-300x225.jpeg 300w, https:\/\/esmer-benin.org\/home\/wp-content\/uploads\/2018\/06\/9-768x576.jpeg 768w, https:\/\/esmer-benin.org\/home\/wp-content\/uploads\/2018\/06\/9.jpeg 960w\" sizes=\"auto, (max-width: 150px) 100vw, 150px\" \/><\/a>\n\t\t\t<\/dt><\/dl><br style=\"clear: both\" \/>\n\t\t<\/div>\n\n","protected":false},"excerpt":{"rendered":"<p>Le 1er juin 2018 a pris fin au Centre de formation de la CEB, la premi\u00e8re \u00e9dition de formation \u00e0 l\u2019endroit des futurs cadres \u00e9nerg\u00e9ticiens sur le th\u00e8me \u00ab RENFORCEMENT DES CAPACITES DES ETUDIANTS EN FIN DE CURSUS SCOLAIRE POUR LA FACILITATION DE LEUR INSERTION DANS LA VIE PROFESSIONNELLE \u00bb. Dix journ\u00e9es de conf\u00e9rences enrichissantes&#8230;<\/p>\n","protected":false},"author":1,"featured_media":1210,"comment_status":"closed","ping_status":"open","sticky":false,"template":"","format":"standard","meta":{"footnotes":""},"categories":[12],"tags":[],"class_list":["post-1209","post","type-post","status-publish","format-standard","has-post-thumbnail","hentry","category-activites"],"_links":{"self":[{"href":"https:\/\/esmer-benin.org\/home\/wp-json\/wp\/v2\/posts\/1209","targetHints":{"allow":["GET"]}}],"collection":[{"href":"https:\/\/esmer-benin.org\/home\/wp-json\/wp\/v2\/posts"}],"about":[{"href":"https:\/\/esmer-benin.org\/home\/wp-json\/wp\/v2\/types\/post"}],"author":[{"embeddable":true,"href":"https:\/\/esmer-benin.org\/home\/wp-json\/wp\/v2\/users\/1"}],"replies":[{"embeddable":true,"href":"https:\/\/esmer-benin.org\/home\/wp-json\/wp\/v2\/comments?post=1209"}],"version-history":[{"count":3,"href":"https:\/\/esmer-benin.org\/home\/wp-json\/wp\/v2\/posts\/1209\/revisions"}],"predecessor-version":[{"id":1292,"href":"https:\/\/esmer-benin.org\/home\/wp-json\/wp\/v2\/posts\/1209\/revisions\/1292"}],"wp:featuredmedia":[{"embeddable":true,"href":"https:\/\/esmer-benin.org\/home\/wp-json\/wp\/v2\/media\/1210"}],"wp:attachment":[{"href":"https:\/\/esmer-benin.org\/home\/wp-json\/wp\/v2\/media?parent=1209"}],"wp:term":[{"taxonomy":"category","embeddable":true,"href":"https:\/\/esmer-benin.org\/home\/wp-json\/wp\/v2\/categories?post=1209"},{"taxonomy":"post_tag","embeddable":true,"href":"https:\/\/esmer-benin.org\/home\/wp-json\/wp\/v2\/tags?post=1209"}],"curies":[{"name":"wp","href":"https:\/\/api.w.org\/{rel}","templated":true}]}}