{"id":1156,"date":"2018-02-28T23:46:47","date_gmt":"2018-02-28T23:46:47","guid":{"rendered":"http:\/\/www.esmer-benin.org\/?p=1156"},"modified":"2018-02-28T23:46:47","modified_gmt":"2018-02-28T23:46:47","slug":"le-defi-de-lorientation-adequate-la-contribution-de-lesmer-aux-efforts-engages-par-la-direction-diocesaine-de-lenseignement-catholique","status":"publish","type":"post","link":"https:\/\/esmer-benin.org\/home\/le-defi-de-lorientation-adequate-la-contribution-de-lesmer-aux-efforts-engages-par-la-direction-diocesaine-de-lenseignement-catholique\/","title":{"rendered":"Le d\u00e9fi de l\u2019orientation ad\u00e9quate : la Contribution de l\u2019ESMER aux efforts engag\u00e9s par la Direction Dioc\u00e9saine de l\u2019Enseignement Catholique"},"content":{"rendered":"<p>L\u2019ESMER a particip\u00e9 le Vendredi 23 F\u00e9vrier 2018 \u00e0 la Journ\u00e9e Dioc\u00e9saine de l\u2019Orientation, organis\u00e9e par la Direction de l\u2019Enseignement Catholique de l\u2019Archidioc\u00e8se de Cotonou. Ce moment a \u00e9t\u00e9 saisi pour pr\u00e9senter aux \u00e9l\u00e8ves des \u00e9coles catholiques de la zone Atlantique-Littoral, les \u00e9normes potentialit\u00e9s de l\u2019ESMER destin\u00e9e \u00e0 leur offrir des formations innovantes, bref \u00e0 les former dans un secteur en plein essor et surtout pour des m\u00e9tiers d\u2019avenir. <\/p>\n<p>En \u00e9changeant avec les \u00e9l\u00e8ves des coll\u00e8ges catholiques, l\u2019ESMER vient d\u2019apporter sa grande contribution \u00e0 l\u2019orientation universitaire et professionnelle de ces derniers, \u00e9quip\u00e9s et ressourc\u00e9s afin de mieux cerner les choix \u00e0 op\u00e9rer. La journ\u00e9e a pris fin sur une note de satisfaction g\u00e9n\u00e9rale de tous gr\u00e2ce \u00e0 l\u2019action collective du comit\u00e9 d\u2019organisation et le soutien des \u00e9tudiants de l\u2019ESMER sollicit\u00e9s pour animer le stand.  <\/p>\n\n\t\t<style type=\"text\/css\">\n\t\t\t#gallery-1 {\n\t\t\t\tmargin: auto;\n\t\t\t}\n\t\t\t#gallery-1 .gallery-item {\n\t\t\t\tfloat: left;\n\t\t\t\tmargin-top: 10px;\n\t\t\t\ttext-align: center;\n\t\t\t\twidth: 25%;\n\t\t\t}\n\t\t\t#gallery-1 img {\n\t\t\t\tborder: 2px solid #cfcfcf;\n\t\t\t}\n\t\t\t#gallery-1 .gallery-caption {\n\t\t\t\tmargin-left: 0;\n\t\t\t}\n\t\t\t\/* see gallery_shortcode() in wp-includes\/media.php *\/\n\t\t<\/style>\n\t\t<div id='gallery-1' class='gallery galleryid-1156 gallery-columns-4 gallery-size-thumbnail'><dl class='gallery-item'>\n\t\t\t<dt class='gallery-icon landscape'>\n\t\t\t\t<a href='https:\/\/esmer-benin.org\/home\/le-defi-de-lorientation-adequate-la-contribution-de-lesmer-aux-efforts-engages-par-la-direction-diocesaine-de-lenseignement-catholique\/3-8\/'><img loading=\"lazy\" decoding=\"async\" width=\"150\" height=\"84\" src=\"https:\/\/esmer-benin.org\/home\/wp-content\/uploads\/2018\/02\/3-150x84.jpg\" class=\"attachment-thumbnail size-thumbnail\" alt=\"\" srcset=\"https:\/\/esmer-benin.org\/home\/wp-content\/uploads\/2018\/02\/3-150x84.jpg 150w, https:\/\/esmer-benin.org\/home\/wp-content\/uploads\/2018\/02\/3-300x169.jpg 300w, https:\/\/esmer-benin.org\/home\/wp-content\/uploads\/2018\/02\/3.jpg 500w\" sizes=\"auto, (max-width: 150px) 100vw, 150px\" \/><\/a>\n\t\t\t<\/dt><\/dl><dl class='gallery-item'>\n\t\t\t<dt class='gallery-icon landscape'>\n\t\t\t\t<a href='https:\/\/esmer-benin.org\/home\/le-defi-de-lorientation-adequate-la-contribution-de-lesmer-aux-efforts-engages-par-la-direction-diocesaine-de-lenseignement-catholique\/5-5\/'><img loading=\"lazy\" decoding=\"async\" width=\"150\" height=\"84\" src=\"https:\/\/esmer-benin.org\/home\/wp-content\/uploads\/2018\/02\/5-1-150x84.jpg\" class=\"attachment-thumbnail size-thumbnail\" alt=\"\" srcset=\"https:\/\/esmer-benin.org\/home\/wp-content\/uploads\/2018\/02\/5-1-150x84.jpg 150w, https:\/\/esmer-benin.org\/home\/wp-content\/uploads\/2018\/02\/5-1-300x169.jpg 300w, https:\/\/esmer-benin.org\/home\/wp-content\/uploads\/2018\/02\/5-1.jpg 500w\" sizes=\"auto, (max-width: 150px) 100vw, 150px\" \/><\/a>\n\t\t\t<\/dt><\/dl><dl class='gallery-item'>\n\t\t\t<dt class='gallery-icon landscape'>\n\t\t\t\t<a href='https:\/\/esmer-benin.org\/home\/le-defi-de-lorientation-adequate-la-contribution-de-lesmer-aux-efforts-engages-par-la-direction-diocesaine-de-lenseignement-catholique\/2-6\/'><img loading=\"lazy\" decoding=\"async\" width=\"150\" height=\"84\" src=\"https:\/\/esmer-benin.org\/home\/wp-content\/uploads\/2018\/02\/2-150x84.jpg\" class=\"attachment-thumbnail size-thumbnail\" alt=\"\" srcset=\"https:\/\/esmer-benin.org\/home\/wp-content\/uploads\/2018\/02\/2-150x84.jpg 150w, https:\/\/esmer-benin.org\/home\/wp-content\/uploads\/2018\/02\/2-300x169.jpg 300w, https:\/\/esmer-benin.org\/home\/wp-content\/uploads\/2018\/02\/2.jpg 500w\" sizes=\"auto, (max-width: 150px) 100vw, 150px\" \/><\/a>\n\t\t\t<\/dt><\/dl><dl class='gallery-item'>\n\t\t\t<dt class='gallery-icon landscape'>\n\t\t\t\t<a href='https:\/\/esmer-benin.org\/home\/le-defi-de-lorientation-adequate-la-contribution-de-lesmer-aux-efforts-engages-par-la-direction-diocesaine-de-lenseignement-catholique\/1-13\/'><img loading=\"lazy\" decoding=\"async\" width=\"150\" height=\"84\" src=\"https:\/\/esmer-benin.org\/home\/wp-content\/uploads\/2018\/02\/1-1-150x84.jpg\" class=\"attachment-thumbnail size-thumbnail\" alt=\"\" srcset=\"https:\/\/esmer-benin.org\/home\/wp-content\/uploads\/2018\/02\/1-1-150x84.jpg 150w, https:\/\/esmer-benin.org\/home\/wp-content\/uploads\/2018\/02\/1-1-300x169.jpg 300w, https:\/\/esmer-benin.org\/home\/wp-content\/uploads\/2018\/02\/1-1.jpg 500w\" sizes=\"auto, (max-width: 150px) 100vw, 150px\" \/><\/a>\n\t\t\t<\/dt><\/dl><br style=\"clear: both\" \/>\n\t\t<\/div>\n\n","protected":false},"excerpt":{"rendered":"<p>L\u2019ESMER a particip\u00e9 le Vendredi 23 F\u00e9vrier 2018 \u00e0 la Journ\u00e9e Dioc\u00e9saine de l\u2019Orientation, organis\u00e9e par la Direction de l\u2019Enseignement Catholique de l\u2019Archidioc\u00e8se de Cotonou. Ce moment a \u00e9t\u00e9 saisi pour pr\u00e9senter aux \u00e9l\u00e8ves des \u00e9coles catholiques de la zone Atlantique-Littoral, les \u00e9normes potentialit\u00e9s de l\u2019ESMER destin\u00e9e \u00e0 leur offrir des formations innovantes, bref \u00e0&#8230;<\/p>\n","protected":false},"author":2,"featured_media":1160,"comment_status":"closed","ping_status":"open","sticky":false,"template":"","format":"gallery","meta":{"footnotes":""},"categories":[12],"tags":[],"class_list":["post-1156","post","type-post","status-publish","format-gallery","has-post-thumbnail","hentry","category-activites","post_format-post-format-gallery"],"_links":{"self":[{"href":"https:\/\/esmer-benin.org\/home\/wp-json\/wp\/v2\/posts\/1156","targetHints":{"allow":["GET"]}}],"collection":[{"href":"https:\/\/esmer-benin.org\/home\/wp-json\/wp\/v2\/posts"}],"about":[{"href":"https:\/\/esmer-benin.org\/home\/wp-json\/wp\/v2\/types\/post"}],"author":[{"embeddable":true,"href":"https:\/\/esmer-benin.org\/home\/wp-json\/wp\/v2\/users\/2"}],"replies":[{"embeddable":true,"href":"https:\/\/esmer-benin.org\/home\/wp-json\/wp\/v2\/comments?post=1156"}],"version-history":[{"count":1,"href":"https:\/\/esmer-benin.org\/home\/wp-json\/wp\/v2\/posts\/1156\/revisions"}],"predecessor-version":[{"id":1162,"href":"https:\/\/esmer-benin.org\/home\/wp-json\/wp\/v2\/posts\/1156\/revisions\/1162"}],"wp:featuredmedia":[{"embeddable":true,"href":"https:\/\/esmer-benin.org\/home\/wp-json\/wp\/v2\/media\/1160"}],"wp:attachment":[{"href":"https:\/\/esmer-benin.org\/home\/wp-json\/wp\/v2\/media?parent=1156"}],"wp:term":[{"taxonomy":"category","embeddable":true,"href":"https:\/\/esmer-benin.org\/home\/wp-json\/wp\/v2\/categories?post=1156"},{"taxonomy":"post_tag","embeddable":true,"href":"https:\/\/esmer-benin.org\/home\/wp-json\/wp\/v2\/tags?post=1156"}],"curies":[{"name":"wp","href":"https:\/\/api.w.org\/{rel}","templated":true}]}}