{"id":1142,"date":"2018-02-10T08:38:06","date_gmt":"2018-02-10T08:38:06","guid":{"rendered":"http:\/\/www.esmer-benin.org\/?p=1142"},"modified":"2018-02-15T11:43:26","modified_gmt":"2018-02-15T11:43:26","slug":"visite-du-ministre-de-lenergie-du-benin-m-dona-jean-claude-decerne-la-palme-dor-a-lesmer","status":"publish","type":"post","link":"https:\/\/esmer-benin.org\/home\/visite-du-ministre-de-lenergie-du-benin-m-dona-jean-claude-decerne-la-palme-dor-a-lesmer\/","title":{"rendered":"Visite du ministre de l\u2019Energie du B\u00e9nin : M. Dona Jean-Claude d\u00e9cerne la palme d\u2019or \u00e0 l\u2019ESMER"},"content":{"rendered":"<p>En 2018, on ne pouvait s\u2019attendre \u00e0 une rencontre aussi extraordinaire que celle-ci. L\u2019Ecole Sup\u00e9rieure des M\u00e9tiers des Energies Renouvelables (ESMER) vient de recevoir ce jour 09 F\u00e9vrier 2018, la visite du Ministre de l\u2019Energie M. Dona Jean-Claude Houssou. Cette visite s\u2019inscrit dans le cadre de la relance du secteur des \u00e9nergies renouvelables. A ce titre, l\u2019ESMER se positionne selon les dires du Ministre comme un v\u00e9ritable vivier de formation pratique de cadres scientifiques et techniques pour accompagner les objectifs de l\u2019Etat B\u00e9ninois en particulier, et de toute l\u2019Afrique en g\u00e9n\u00e9ral en mati\u00e8re de transition \u00e9nerg\u00e9tique. De grands d\u00e9fis ont \u00e9t\u00e9 relev\u00e9s jusque-l\u00e0 dans le secteur de l\u2019\u00e9nergie au B\u00e9nin, m\u00eame s\u2019il reste beaucoup \u00e0 faire.<\/p>\n<p>La rencontre de ce jour est un signe manifeste de cette disponibilit\u00e9 de l\u2019ESMER \u00e0 accompagner la politique gouvernementale. Le Ministre a pu le constater dans les propos du Directeur G\u00e9n\u00e9ral M. DJA\u00cfTO Codjo Bertin, et la joie affich\u00e9e du Pr\u00e9sident du Conseil d\u2019Administration M. F\u00e9lix C. EBO. La visite des installations de l\u2019ESMER (son champ solaire, son laboratoire de recherche et son laboratoire de langue) a encore plus sid\u00e9r\u00e9 l\u2019h\u00f4te qui n\u2019a pas h\u00e9sit\u00e9 \u00e0 adresser un satisfecit pour les responsables de l\u2019institution universitaire.<\/p>\n<p>En se rendant aujourd\u2019hui \u00e0 l\u2019ESMER, le ministre de l\u2019Energie Dona Jean-Claude Houssou a pu constater tout le s\u00e9rieux du travail r\u00e9alis\u00e9, les investissements faits et des multiples sacrifices consentis depuis des ann\u00e9es. Pour lui, l\u2019ESMER doit continuer \u00e0 se hisser toujours plus haut pour d\u00e9montrer toute sa pertinence.<\/p>\n\n\t\t<style type=\"text\/css\">\n\t\t\t#gallery-1 {\n\t\t\t\tmargin: auto;\n\t\t\t}\n\t\t\t#gallery-1 .gallery-item {\n\t\t\t\tfloat: left;\n\t\t\t\tmargin-top: 10px;\n\t\t\t\ttext-align: center;\n\t\t\t\twidth: 25%;\n\t\t\t}\n\t\t\t#gallery-1 img {\n\t\t\t\tborder: 2px solid #cfcfcf;\n\t\t\t}\n\t\t\t#gallery-1 .gallery-caption {\n\t\t\t\tmargin-left: 0;\n\t\t\t}\n\t\t\t\/* see gallery_shortcode() in wp-includes\/media.php *\/\n\t\t<\/style>\n\t\t<div id='gallery-1' class='gallery galleryid-1142 gallery-columns-4 gallery-size-thumbnail'><dl class='gallery-item'>\n\t\t\t<dt class='gallery-icon landscape'>\n\t\t\t\t<a href='https:\/\/esmer-benin.org\/home\/_copie-0_2\/'><img loading=\"lazy\" decoding=\"async\" width=\"150\" height=\"84\" src=\"https:\/\/esmer-benin.org\/home\/wp-content\/uploads\/2018\/02\/copie-0_2-150x84.jpg\" class=\"attachment-thumbnail size-thumbnail\" alt=\"\" srcset=\"https:\/\/esmer-benin.org\/home\/wp-content\/uploads\/2018\/02\/copie-0_2-150x84.jpg 150w, https:\/\/esmer-benin.org\/home\/wp-content\/uploads\/2018\/02\/copie-0_2-300x169.jpg 300w, https:\/\/esmer-benin.org\/home\/wp-content\/uploads\/2018\/02\/copie-0_2.jpg 500w\" sizes=\"auto, (max-width: 150px) 100vw, 150px\" \/><\/a>\n\t\t\t<\/dt><\/dl><dl class='gallery-item'>\n\t\t\t<dt class='gallery-icon landscape'>\n\t\t\t\t<a href='https:\/\/esmer-benin.org\/home\/5-4\/'><img loading=\"lazy\" decoding=\"async\" width=\"150\" height=\"84\" src=\"https:\/\/esmer-benin.org\/home\/wp-content\/uploads\/2018\/02\/5-150x84.jpg\" class=\"attachment-thumbnail size-thumbnail\" alt=\"\" srcset=\"https:\/\/esmer-benin.org\/home\/wp-content\/uploads\/2018\/02\/5-150x84.jpg 150w, https:\/\/esmer-benin.org\/home\/wp-content\/uploads\/2018\/02\/5-300x169.jpg 300w, https:\/\/esmer-benin.org\/home\/wp-content\/uploads\/2018\/02\/5-768x432.jpg 768w, https:\/\/esmer-benin.org\/home\/wp-content\/uploads\/2018\/02\/5-1024x575.jpg 1024w, https:\/\/esmer-benin.org\/home\/wp-content\/uploads\/2018\/02\/5.jpg 1920w\" sizes=\"auto, (max-width: 150px) 100vw, 150px\" \/><\/a>\n\t\t\t<\/dt><\/dl><dl class='gallery-item'>\n\t\t\t<dt class='gallery-icon landscape'>\n\t\t\t\t<a href='https:\/\/esmer-benin.org\/home\/_copie-0_3\/'><img loading=\"lazy\" decoding=\"async\" width=\"150\" height=\"84\" src=\"https:\/\/esmer-benin.org\/home\/wp-content\/uploads\/2018\/02\/copie-0_3-150x84.jpg\" class=\"attachment-thumbnail size-thumbnail\" alt=\"\" srcset=\"https:\/\/esmer-benin.org\/home\/wp-content\/uploads\/2018\/02\/copie-0_3-150x84.jpg 150w, https:\/\/esmer-benin.org\/home\/wp-content\/uploads\/2018\/02\/copie-0_3-300x169.jpg 300w, https:\/\/esmer-benin.org\/home\/wp-content\/uploads\/2018\/02\/copie-0_3.jpg 500w\" sizes=\"auto, (max-width: 150px) 100vw, 150px\" \/><\/a>\n\t\t\t<\/dt><\/dl><dl class='gallery-item'>\n\t\t\t<dt class='gallery-icon landscape'>\n\t\t\t\t<a href='https:\/\/esmer-benin.org\/home\/_copie-0_8\/'><img loading=\"lazy\" decoding=\"async\" width=\"150\" height=\"84\" src=\"https:\/\/esmer-benin.org\/home\/wp-content\/uploads\/2018\/02\/copie-0_8-150x84.jpg\" class=\"attachment-thumbnail size-thumbnail\" alt=\"\" srcset=\"https:\/\/esmer-benin.org\/home\/wp-content\/uploads\/2018\/02\/copie-0_8-150x84.jpg 150w, https:\/\/esmer-benin.org\/home\/wp-content\/uploads\/2018\/02\/copie-0_8-300x169.jpg 300w, https:\/\/esmer-benin.org\/home\/wp-content\/uploads\/2018\/02\/copie-0_8.jpg 500w\" sizes=\"auto, (max-width: 150px) 100vw, 150px\" \/><\/a>\n\t\t\t<\/dt><\/dl><br style=\"clear: both\" \/>\n\t\t<\/div>\n\n","protected":false},"excerpt":{"rendered":"<p>En 2018, on ne pouvait s\u2019attendre \u00e0 une rencontre aussi extraordinaire que celle-ci. L\u2019Ecole Sup\u00e9rieure des M\u00e9tiers des Energies Renouvelables (ESMER) vient de recevoir ce jour 09 F\u00e9vrier 2018, la visite du Ministre de l\u2019Energie M. Dona Jean-Claude Houssou. Cette visite s\u2019inscrit dans le cadre de la relance du secteur des \u00e9nergies renouvelables. A ce&#8230;<\/p>\n","protected":false},"author":2,"featured_media":1148,"comment_status":"closed","ping_status":"open","sticky":false,"template":"","format":"gallery","meta":{"footnotes":""},"categories":[12],"tags":[],"class_list":["post-1142","post","type-post","status-publish","format-gallery","has-post-thumbnail","hentry","category-activites","post_format-post-format-gallery"],"_links":{"self":[{"href":"https:\/\/esmer-benin.org\/home\/wp-json\/wp\/v2\/posts\/1142","targetHints":{"allow":["GET"]}}],"collection":[{"href":"https:\/\/esmer-benin.org\/home\/wp-json\/wp\/v2\/posts"}],"about":[{"href":"https:\/\/esmer-benin.org\/home\/wp-json\/wp\/v2\/types\/post"}],"author":[{"embeddable":true,"href":"https:\/\/esmer-benin.org\/home\/wp-json\/wp\/v2\/users\/2"}],"replies":[{"embeddable":true,"href":"https:\/\/esmer-benin.org\/home\/wp-json\/wp\/v2\/comments?post=1142"}],"version-history":[{"count":5,"href":"https:\/\/esmer-benin.org\/home\/wp-json\/wp\/v2\/posts\/1142\/revisions"}],"predecessor-version":[{"id":1152,"href":"https:\/\/esmer-benin.org\/home\/wp-json\/wp\/v2\/posts\/1142\/revisions\/1152"}],"wp:featuredmedia":[{"embeddable":true,"href":"https:\/\/esmer-benin.org\/home\/wp-json\/wp\/v2\/media\/1148"}],"wp:attachment":[{"href":"https:\/\/esmer-benin.org\/home\/wp-json\/wp\/v2\/media?parent=1142"}],"wp:term":[{"taxonomy":"category","embeddable":true,"href":"https:\/\/esmer-benin.org\/home\/wp-json\/wp\/v2\/categories?post=1142"},{"taxonomy":"post_tag","embeddable":true,"href":"https:\/\/esmer-benin.org\/home\/wp-json\/wp\/v2\/tags?post=1142"}],"curies":[{"name":"wp","href":"https:\/\/api.w.org\/{rel}","templated":true}]}}