{"id":1139,"date":"2018-01-24T16:28:57","date_gmt":"2018-01-24T16:28:57","guid":{"rendered":"http:\/\/www.esmer-benin.org\/?p=1139"},"modified":"2018-01-24T17:43:23","modified_gmt":"2018-01-24T17:43:23","slug":"accreditation-par-le-centre-pour-les-energies-renouvelables-et-lefficacite-energetique-de-la-cedeao-cereececreee-reconnaissance-meritee-pour-lesmer","status":"publish","type":"post","link":"https:\/\/esmer-benin.org\/home\/accreditation-par-le-centre-pour-les-energies-renouvelables-et-lefficacite-energetique-de-la-cedeao-cereececreee-reconnaissance-meritee-pour-lesmer\/","title":{"rendered":"Accr\u00e9ditation par le Centre pour les Energies Renouvelables et l\u2019Efficacit\u00e9 Energ\u00e9tique de la CEDEAO (CEREEC\/ECREEE) : Reconnaissance m\u00e9rit\u00e9e pour l\u2019ESMER"},"content":{"rendered":"<p>L\u2019ESMER savoure depuis peu la joie d\u2019une \u00e9ni\u00e8me reconnaissance de ses m\u00e9rites. Cette fois-ci, c\u2019est la CEDEAO \u00e0 travers son Centre pour les Energies Renouvelables et l\u2019Efficacit\u00e9 Energ\u00e9tique (CEREEC\/ECREEE) qui, \u00e0 travers une lettre officielle vient de lui notifier sa s\u00e9lection parmi des candidatures de renom, pour participer \u00e0 la phase pilote du Programme de Certification R\u00e9gional. <\/p>\n<p>Ce grand exploit est \u00e0 saluer, car il permettra \u00e0 l\u2019ESMER de devenir un centre de r\u00e9f\u00e9rence au B\u00e9nin, pour dispenser des formations pratiques sur les installations solaires photovolta\u00efques. <\/p>\n<p>Cette nouvelle reconnaissance vient conforter l\u2019institution universitaire dans sa vision de former des cadres techniques et scientifiques aptes \u00e0 accompagner les diff\u00e9rentes politiques \u00e9nerg\u00e9tiques de nos gouvernants. <\/p>\n","protected":false},"excerpt":{"rendered":"<p>L\u2019ESMER savoure depuis peu la joie d\u2019une \u00e9ni\u00e8me reconnaissance de ses m\u00e9rites. Cette fois-ci, c\u2019est la CEDEAO \u00e0 travers son Centre pour les Energies Renouvelables et l\u2019Efficacit\u00e9 Energ\u00e9tique (CEREEC\/ECREEE) qui, \u00e0 travers une lettre officielle vient de lui notifier sa s\u00e9lection parmi des candidatures de renom, pour participer \u00e0 la phase pilote du Programme de&#8230;<\/p>\n","protected":false},"author":2,"featured_media":1137,"comment_status":"closed","ping_status":"open","sticky":false,"template":"","format":"gallery","meta":{"footnotes":""},"categories":[12],"tags":[],"class_list":["post-1139","post","type-post","status-publish","format-gallery","has-post-thumbnail","hentry","category-activites","post_format-post-format-gallery"],"_links":{"self":[{"href":"https:\/\/esmer-benin.org\/home\/wp-json\/wp\/v2\/posts\/1139","targetHints":{"allow":["GET"]}}],"collection":[{"href":"https:\/\/esmer-benin.org\/home\/wp-json\/wp\/v2\/posts"}],"about":[{"href":"https:\/\/esmer-benin.org\/home\/wp-json\/wp\/v2\/types\/post"}],"author":[{"embeddable":true,"href":"https:\/\/esmer-benin.org\/home\/wp-json\/wp\/v2\/users\/2"}],"replies":[{"embeddable":true,"href":"https:\/\/esmer-benin.org\/home\/wp-json\/wp\/v2\/comments?post=1139"}],"version-history":[{"count":1,"href":"https:\/\/esmer-benin.org\/home\/wp-json\/wp\/v2\/posts\/1139\/revisions"}],"predecessor-version":[{"id":1140,"href":"https:\/\/esmer-benin.org\/home\/wp-json\/wp\/v2\/posts\/1139\/revisions\/1140"}],"wp:featuredmedia":[{"embeddable":true,"href":"https:\/\/esmer-benin.org\/home\/wp-json\/wp\/v2\/media\/1137"}],"wp:attachment":[{"href":"https:\/\/esmer-benin.org\/home\/wp-json\/wp\/v2\/media?parent=1139"}],"wp:term":[{"taxonomy":"category","embeddable":true,"href":"https:\/\/esmer-benin.org\/home\/wp-json\/wp\/v2\/categories?post=1139"},{"taxonomy":"post_tag","embeddable":true,"href":"https:\/\/esmer-benin.org\/home\/wp-json\/wp\/v2\/tags?post=1139"}],"curies":[{"name":"wp","href":"https:\/\/api.w.org\/{rel}","templated":true}]}}