{"id":1113,"date":"2017-09-21T16:49:13","date_gmt":"2017-09-21T16:49:13","guid":{"rendered":"http:\/\/www.esmer-benin.org\/?p=1113"},"modified":"2017-09-29T17:26:02","modified_gmt":"2017-09-29T17:26:02","slug":"signature-dun-memorandum-dentente-entre-lesmer-et-lassociation-mondiale-de-lenergie-eolienne-wwea-pour-une-plus-grande-mutualisation-des-efforts","status":"publish","type":"post","link":"https:\/\/esmer-benin.org\/home\/signature-dun-memorandum-dentente-entre-lesmer-et-lassociation-mondiale-de-lenergie-eolienne-wwea-pour-une-plus-grande-mutualisation-des-efforts\/","title":{"rendered":"Signature d\u2019un m\u00e9morandum d\u2019entente entre l\u2019ESMER et l\u2019Association Mondiale de l\u2019Energie Eolienne (WWEA) : Pour une plus grande mutualisation des efforts"},"content":{"rendered":"<p> En vue de mettre en \u0153uvre sa politique internationale, L\u2019Ecole Sup\u00e9rieure des M\u00e9tiers des Energies Renouvelables (ESMER) repr\u00e9sent\u00e9e par Monsieur F\u00e9lix C. EBO (Pr\u00e9sident du Conseil d\u2019Administration) et le Dr OSMAN BENCHIKH (Administrateur), vient de signer un m\u00e9morandum d\u2019entente avec l\u2019Association Mondiale de l\u2019Energie Eolienne (World Wind Energy Association -WWEA-). C\u2019est \u00e0 la faveur d\u2019une rencontre le Jeudi 21 Septembre 2017, au si\u00e8ge de l\u2019Association \u00e0 Bonn en Allemagne, que les responsables de ces deux institutions ont paraph\u00e9 et \u00e9chang\u00e9 les documents juridiques devant r\u00e9gir d\u00e9sormais les relations de partenariat entre elles.<\/p>\n<p>Pour M. F\u00e9lix C. EBO, la signature de cet accord de coop\u00e9ration constitue la phase finale d\u2019un processus qui a commenc\u00e9 il y a un bon moment, sous la conduite du Dr OSMAN BENCHIKH, membre du Conseil d\u2019Administration de l\u2019ESMER et de Monsieur Stefan Gs\u00e4nger, Secr\u00e9taire G\u00e9n\u00e9ral de l\u2019Association Mondiale de l\u2019\u00c9nergie \u00c9olienne (WWEA). Cet accord traduit la volont\u00e9 des deux institutions de soutenir les gouvernements nationaux qui encouragent et d\u00e9veloppent l&rsquo;utilisation des sources d&rsquo;\u00e9nergie renouvelables comme un facteur propice au d\u00e9veloppement durable, et \u00e0 l&rsquo;att\u00e9nuation des changements climatiques.<\/p>\n<p>La signature de l\u2019entente a \u00e9t\u00e9 accueillie comme un bon d\u00e9part dans cette coop\u00e9ration fondamentale. Pour rappel, L\u2019Association Mondiale de l\u2019\u00c9nergie \u00c9olienne (WWEA) est une organisation \u00e0 but non lucratif qui agit en faveur d&rsquo;un syst\u00e8me \u00e9nerg\u00e9tique mondial int\u00e9gralement bas\u00e9 sur les \u00e9nergies renouvelables, avec l&rsquo;\u00e9nergie \u00e9olienne comme pierre angulaire. C\u2019est donc avec une grande ressource dans le secteur des \u00e9nergies vertes que l\u2019ESMER vient de s\u2019aligner pour continuer \u00e0 agir dans le sens de son leitmotiv, celui de pr\u00e9parer la transition \u00e9nerg\u00e9tique.<\/p>\n\n\t\t<style type=\"text\/css\">\n\t\t\t#gallery-1 {\n\t\t\t\tmargin: auto;\n\t\t\t}\n\t\t\t#gallery-1 .gallery-item {\n\t\t\t\tfloat: left;\n\t\t\t\tmargin-top: 10px;\n\t\t\t\ttext-align: center;\n\t\t\t\twidth: 20%;\n\t\t\t}\n\t\t\t#gallery-1 img {\n\t\t\t\tborder: 2px solid #cfcfcf;\n\t\t\t}\n\t\t\t#gallery-1 .gallery-caption {\n\t\t\t\tmargin-left: 0;\n\t\t\t}\n\t\t\t\/* see gallery_shortcode() in wp-includes\/media.php *\/\n\t\t<\/style>\n\t\t<div id='gallery-1' class='gallery galleryid-1113 gallery-columns-5 gallery-size-thumbnail'><dl class='gallery-item'>\n\t\t\t<dt class='gallery-icon portrait'>\n\t\t\t\t<a href='https:\/\/esmer-benin.org\/home\/signature-dun-memorandum-dentente-entre-lesmer-et-lassociation-mondiale-de-lenergie-eolienne-wwea-pour-une-plus-grande-mutualisation-des-efforts\/5-3\/'><img loading=\"lazy\" decoding=\"async\" width=\"113\" height=\"150\" src=\"https:\/\/esmer-benin.org\/home\/wp-content\/uploads\/2017\/09\/5-1-113x150.jpg\" class=\"attachment-thumbnail size-thumbnail\" alt=\"\" srcset=\"https:\/\/esmer-benin.org\/home\/wp-content\/uploads\/2017\/09\/5-1-113x150.jpg 113w, https:\/\/esmer-benin.org\/home\/wp-content\/uploads\/2017\/09\/5-1-225x300.jpg 225w, https:\/\/esmer-benin.org\/home\/wp-content\/uploads\/2017\/09\/5-1-768x1024.jpg 768w, https:\/\/esmer-benin.org\/home\/wp-content\/uploads\/2017\/09\/5-1.jpg 1200w\" sizes=\"auto, (max-width: 113px) 100vw, 113px\" \/><\/a>\n\t\t\t<\/dt><\/dl><dl class='gallery-item'>\n\t\t\t<dt class='gallery-icon portrait'>\n\t\t\t\t<a href='https:\/\/esmer-benin.org\/home\/signature-dun-memorandum-dentente-entre-lesmer-et-lassociation-mondiale-de-lenergie-eolienne-wwea-pour-une-plus-grande-mutualisation-des-efforts\/6-4\/'><img loading=\"lazy\" decoding=\"async\" width=\"113\" height=\"150\" src=\"https:\/\/esmer-benin.org\/home\/wp-content\/uploads\/2017\/09\/6-113x150.jpg\" class=\"attachment-thumbnail size-thumbnail\" alt=\"\" srcset=\"https:\/\/esmer-benin.org\/home\/wp-content\/uploads\/2017\/09\/6-113x150.jpg 113w, https:\/\/esmer-benin.org\/home\/wp-content\/uploads\/2017\/09\/6-225x300.jpg 225w, https:\/\/esmer-benin.org\/home\/wp-content\/uploads\/2017\/09\/6-768x1024.jpg 768w, https:\/\/esmer-benin.org\/home\/wp-content\/uploads\/2017\/09\/6.jpg 1200w\" sizes=\"auto, (max-width: 113px) 100vw, 113px\" \/><\/a>\n\t\t\t<\/dt><\/dl><dl class='gallery-item'>\n\t\t\t<dt class='gallery-icon landscape'>\n\t\t\t\t<a href='https:\/\/esmer-benin.org\/home\/signature-dun-memorandum-dentente-entre-lesmer-et-lassociation-mondiale-de-lenergie-eolienne-wwea-pour-une-plus-grande-mutualisation-des-efforts\/3-6\/'><img loading=\"lazy\" decoding=\"async\" width=\"150\" height=\"113\" src=\"https:\/\/esmer-benin.org\/home\/wp-content\/uploads\/2017\/09\/3-1-150x113.jpg\" class=\"attachment-thumbnail size-thumbnail\" alt=\"\" srcset=\"https:\/\/esmer-benin.org\/home\/wp-content\/uploads\/2017\/09\/3-1-150x113.jpg 150w, https:\/\/esmer-benin.org\/home\/wp-content\/uploads\/2017\/09\/3-1-300x225.jpg 300w, https:\/\/esmer-benin.org\/home\/wp-content\/uploads\/2017\/09\/3-1-768x576.jpg 768w, https:\/\/esmer-benin.org\/home\/wp-content\/uploads\/2017\/09\/3-1-1024x768.jpg 1024w, https:\/\/esmer-benin.org\/home\/wp-content\/uploads\/2017\/09\/3-1.jpg 1600w\" sizes=\"auto, (max-width: 150px) 100vw, 150px\" \/><\/a>\n\t\t\t<\/dt><\/dl><dl class='gallery-item'>\n\t\t\t<dt class='gallery-icon portrait'>\n\t\t\t\t<a href='https:\/\/esmer-benin.org\/home\/signature-dun-memorandum-dentente-entre-lesmer-et-lassociation-mondiale-de-lenergie-eolienne-wwea-pour-une-plus-grande-mutualisation-des-efforts\/7-3\/'><img loading=\"lazy\" decoding=\"async\" width=\"113\" height=\"150\" src=\"https:\/\/esmer-benin.org\/home\/wp-content\/uploads\/2017\/09\/7-1-113x150.jpg\" class=\"attachment-thumbnail size-thumbnail\" alt=\"\" srcset=\"https:\/\/esmer-benin.org\/home\/wp-content\/uploads\/2017\/09\/7-1-113x150.jpg 113w, https:\/\/esmer-benin.org\/home\/wp-content\/uploads\/2017\/09\/7-1-225x300.jpg 225w, https:\/\/esmer-benin.org\/home\/wp-content\/uploads\/2017\/09\/7-1-768x1024.jpg 768w, https:\/\/esmer-benin.org\/home\/wp-content\/uploads\/2017\/09\/7-1-e1506705340317.jpg 500w\" sizes=\"auto, (max-width: 113px) 100vw, 113px\" \/><\/a>\n\t\t\t<\/dt><\/dl><dl class='gallery-item'>\n\t\t\t<dt class='gallery-icon portrait'>\n\t\t\t\t<a href='https:\/\/esmer-benin.org\/home\/signature-dun-memorandum-dentente-entre-lesmer-et-lassociation-mondiale-de-lenergie-eolienne-wwea-pour-une-plus-grande-mutualisation-des-efforts\/1-11\/'><img loading=\"lazy\" decoding=\"async\" width=\"113\" height=\"150\" src=\"https:\/\/esmer-benin.org\/home\/wp-content\/uploads\/2017\/09\/1-1-113x150.jpg\" class=\"attachment-thumbnail size-thumbnail\" alt=\"\" srcset=\"https:\/\/esmer-benin.org\/home\/wp-content\/uploads\/2017\/09\/1-1-113x150.jpg 113w, https:\/\/esmer-benin.org\/home\/wp-content\/uploads\/2017\/09\/1-1-225x300.jpg 225w, https:\/\/esmer-benin.org\/home\/wp-content\/uploads\/2017\/09\/1-1-768x1024.jpg 768w, https:\/\/esmer-benin.org\/home\/wp-content\/uploads\/2017\/09\/1-1.jpg 1200w\" sizes=\"auto, (max-width: 113px) 100vw, 113px\" \/><\/a>\n\t\t\t<\/dt><\/dl><br style=\"clear: both\" \/>\n\t\t<\/div>\n\n","protected":false},"excerpt":{"rendered":"<p>En vue de mettre en \u0153uvre sa politique internationale, L\u2019Ecole Sup\u00e9rieure des M\u00e9tiers des Energies Renouvelables (ESMER) repr\u00e9sent\u00e9e par Monsieur F\u00e9lix C. EBO (Pr\u00e9sident du Conseil d\u2019Administration) et le Dr OSMAN BENCHIKH (Administrateur), vient de signer un m\u00e9morandum d\u2019entente avec l\u2019Association Mondiale de l\u2019Energie Eolienne (World Wind Energy Association -WWEA-). C\u2019est \u00e0 la faveur d\u2019une&#8230;<\/p>\n","protected":false},"author":2,"featured_media":1117,"comment_status":"closed","ping_status":"open","sticky":false,"template":"","format":"gallery","meta":{"footnotes":""},"categories":[12],"tags":[],"class_list":["post-1113","post","type-post","status-publish","format-gallery","has-post-thumbnail","hentry","category-activites","post_format-post-format-gallery"],"_links":{"self":[{"href":"https:\/\/esmer-benin.org\/home\/wp-json\/wp\/v2\/posts\/1113","targetHints":{"allow":["GET"]}}],"collection":[{"href":"https:\/\/esmer-benin.org\/home\/wp-json\/wp\/v2\/posts"}],"about":[{"href":"https:\/\/esmer-benin.org\/home\/wp-json\/wp\/v2\/types\/post"}],"author":[{"embeddable":true,"href":"https:\/\/esmer-benin.org\/home\/wp-json\/wp\/v2\/users\/2"}],"replies":[{"embeddable":true,"href":"https:\/\/esmer-benin.org\/home\/wp-json\/wp\/v2\/comments?post=1113"}],"version-history":[{"count":4,"href":"https:\/\/esmer-benin.org\/home\/wp-json\/wp\/v2\/posts\/1113\/revisions"}],"predecessor-version":[{"id":1126,"href":"https:\/\/esmer-benin.org\/home\/wp-json\/wp\/v2\/posts\/1113\/revisions\/1126"}],"wp:featuredmedia":[{"embeddable":true,"href":"https:\/\/esmer-benin.org\/home\/wp-json\/wp\/v2\/media\/1117"}],"wp:attachment":[{"href":"https:\/\/esmer-benin.org\/home\/wp-json\/wp\/v2\/media?parent=1113"}],"wp:term":[{"taxonomy":"category","embeddable":true,"href":"https:\/\/esmer-benin.org\/home\/wp-json\/wp\/v2\/categories?post=1113"},{"taxonomy":"post_tag","embeddable":true,"href":"https:\/\/esmer-benin.org\/home\/wp-json\/wp\/v2\/tags?post=1113"}],"curies":[{"name":"wp","href":"https:\/\/api.w.org\/{rel}","templated":true}]}}