{"id":1082,"date":"2017-09-01T16:35:12","date_gmt":"2017-09-01T16:35:12","guid":{"rendered":"http:\/\/www.esmer-benin.org\/?p=1082"},"modified":"2017-09-29T17:23:55","modified_gmt":"2017-09-29T17:23:55","slug":"troisieme-session-du-conseil-et-pedagogique-de-lesmer-des-assises-placees-sous-le-signe-du-rayonnement-et-de-la-perennite","status":"publish","type":"post","link":"https:\/\/esmer-benin.org\/home\/troisieme-session-du-conseil-et-pedagogique-de-lesmer-des-assises-placees-sous-le-signe-du-rayonnement-et-de-la-perennite\/","title":{"rendered":"Troisi\u00e8me session du Conseil Scientifique et P\u00e9dagogique de l\u2019ESMER : Des assises plac\u00e9es sous le signe du rayonnement et de la p\u00e9rennit\u00e9"},"content":{"rendered":"<p>Aujourd\u2019hui 31 Ao\u00fbt 2017, s\u2019est ouverte la troisi\u00e8me session du Conseil Scientifique et P\u00e9dagogique, une grande rencontre devenue presqu\u2019une tradition au sein de l\u2019ESMER.  Au si\u00e8ge de l\u2019ESMER, le d\u00e9cor est donc plant\u00e9 pour accueillir cette grande rencontre scientifique \u00e0 laquelle prennent part la quinzaine des membres du Conseil Scientifique et P\u00e9dagogique venue de 7 pays diff\u00e9rents : Togo, Burkina-Faso, Cameroun, Ghana, France, Autriche, Canada. <\/p>\n<p>Durant les deux jours consacr\u00e9s aux travaux, lesdits membres s\u2019att\u00e8leront \u00e0 v\u00e9rifier si les moyens scientifiques et p\u00e9dagogiques acquis ou \u00e0 acqu\u00e9rir sont qualitativement ou quantitativement compatibles avec les objectifs de l\u2019ESMER. L\u2019objectif poursuivi pourrait se r\u00e9sumer en ces termes minutieusement choisis par le Pr\u00e9sident du Conseil Scientifique et P\u00e9dagogique M. Yao AZOUMAH : \u00ab s\u2019assurer que la trajectoire vis\u00e9e n\u2019est pas d\u00e9vi\u00e9e, que l\u2019\u00e9quipage \u00e0 bord de la navette ESMER est de haut niveau et en nombre suffisant, que l\u2019\u00e9nergie qui l\u2019alimente est durable et in\u00e9puisable \u00bb. D\u2019ailleurs le Pr\u00e9sident du conseil d\u2019Administration de l\u2019ESMER et le Directeur G\u00e9n\u00e9ral ont manifest\u00e9 \u00e0 la fin de la c\u00e9r\u00e9monie d\u2019ouverture officielle, leur reconnaissance aux illustres professeurs et chefs d\u2019entreprise membres du CSP pour les efforts entrepris pour esquisser des pistes de solutions pertinentes qui permettront \u00e0 l\u2019ESMER d\u2019\u00eatre en phase avec son environnement. <\/p>\n<p>Ces travaux sont donc pertinents dans la mesure o\u00f9 ils permettront d\u2019analyser la qualit\u00e9 de l\u2019enseignement, le financement des activit\u00e9s de formation, et la coop\u00e9ration interafricaine et internationale. <\/p>\n\n\t\t<style type=\"text\/css\">\n\t\t\t#gallery-1 {\n\t\t\t\tmargin: auto;\n\t\t\t}\n\t\t\t#gallery-1 .gallery-item {\n\t\t\t\tfloat: left;\n\t\t\t\tmargin-top: 10px;\n\t\t\t\ttext-align: center;\n\t\t\t\twidth: 25%;\n\t\t\t}\n\t\t\t#gallery-1 img {\n\t\t\t\tborder: 2px solid #cfcfcf;\n\t\t\t}\n\t\t\t#gallery-1 .gallery-caption {\n\t\t\t\tmargin-left: 0;\n\t\t\t}\n\t\t\t\/* see gallery_shortcode() in wp-includes\/media.php *\/\n\t\t<\/style>\n\t\t<div id='gallery-1' class='gallery galleryid-1082 gallery-columns-4 gallery-size-thumbnail'><dl class='gallery-item'>\n\t\t\t<dt class='gallery-icon landscape'>\n\t\t\t\t<a href='https:\/\/esmer-benin.org\/home\/?attachment_id=1074'><img loading=\"lazy\" decoding=\"async\" width=\"150\" height=\"100\" src=\"https:\/\/esmer-benin.org\/home\/wp-content\/uploads\/2017\/09\/b-150x100.jpg\" class=\"attachment-thumbnail size-thumbnail\" alt=\"\" srcset=\"https:\/\/esmer-benin.org\/home\/wp-content\/uploads\/2017\/09\/b-150x100.jpg 150w, https:\/\/esmer-benin.org\/home\/wp-content\/uploads\/2017\/09\/b-300x199.jpg 300w, https:\/\/esmer-benin.org\/home\/wp-content\/uploads\/2017\/09\/b-768x510.jpg 768w, https:\/\/esmer-benin.org\/home\/wp-content\/uploads\/2017\/09\/b-1024x680.jpg 1024w\" sizes=\"auto, (max-width: 150px) 100vw, 150px\" \/><\/a>\n\t\t\t<\/dt><\/dl><dl class='gallery-item'>\n\t\t\t<dt class='gallery-icon landscape'>\n\t\t\t\t<a href='https:\/\/esmer-benin.org\/home\/?attachment_id=1075'><img loading=\"lazy\" decoding=\"async\" width=\"150\" height=\"100\" src=\"https:\/\/esmer-benin.org\/home\/wp-content\/uploads\/2017\/09\/c-150x100.jpg\" class=\"attachment-thumbnail size-thumbnail\" alt=\"\" srcset=\"https:\/\/esmer-benin.org\/home\/wp-content\/uploads\/2017\/09\/c-150x100.jpg 150w, https:\/\/esmer-benin.org\/home\/wp-content\/uploads\/2017\/09\/c-300x199.jpg 300w, https:\/\/esmer-benin.org\/home\/wp-content\/uploads\/2017\/09\/c-768x510.jpg 768w, https:\/\/esmer-benin.org\/home\/wp-content\/uploads\/2017\/09\/c-1024x680.jpg 1024w\" sizes=\"auto, (max-width: 150px) 100vw, 150px\" \/><\/a>\n\t\t\t<\/dt><\/dl><dl class='gallery-item'>\n\t\t\t<dt class='gallery-icon portrait'>\n\t\t\t\t<a href='https:\/\/esmer-benin.org\/home\/troisieme-session-du-conseil-et-pedagogique-de-lesmer-des-assises-placees-sous-le-signe-du-rayonnement-et-de-la-perennite\/_copie-0_a-copie\/'><img loading=\"lazy\" decoding=\"async\" width=\"100\" height=\"150\" src=\"https:\/\/esmer-benin.org\/home\/wp-content\/uploads\/2017\/09\/copie-0_a-Copie-100x150.jpg\" class=\"attachment-thumbnail size-thumbnail\" alt=\"\" srcset=\"https:\/\/esmer-benin.org\/home\/wp-content\/uploads\/2017\/09\/copie-0_a-Copie-100x150.jpg 100w, https:\/\/esmer-benin.org\/home\/wp-content\/uploads\/2017\/09\/copie-0_a-Copie-199x300.jpg 199w, https:\/\/esmer-benin.org\/home\/wp-content\/uploads\/2017\/09\/copie-0_a-Copie.jpg 332w\" sizes=\"auto, (max-width: 100px) 100vw, 100px\" \/><\/a>\n\t\t\t<\/dt><\/dl><dl class='gallery-item'>\n\t\t\t<dt class='gallery-icon landscape'>\n\t\t\t\t<a href='https:\/\/esmer-benin.org\/home\/?attachment_id=1081'><img loading=\"lazy\" decoding=\"async\" width=\"150\" height=\"80\" src=\"https:\/\/esmer-benin.org\/home\/wp-content\/uploads\/2017\/09\/i-150x80.jpg\" class=\"attachment-thumbnail size-thumbnail\" alt=\"\" srcset=\"https:\/\/esmer-benin.org\/home\/wp-content\/uploads\/2017\/09\/i-150x80.jpg 150w, https:\/\/esmer-benin.org\/home\/wp-content\/uploads\/2017\/09\/i-300x159.jpg 300w, https:\/\/esmer-benin.org\/home\/wp-content\/uploads\/2017\/09\/i-768x408.jpg 768w, https:\/\/esmer-benin.org\/home\/wp-content\/uploads\/2017\/09\/i-1024x544.jpg 1024w\" sizes=\"auto, (max-width: 150px) 100vw, 150px\" \/><\/a>\n\t\t\t<\/dt><\/dl><br style=\"clear: both\" \/>\n\t\t<\/div>\n\n","protected":false},"excerpt":{"rendered":"<p>Aujourd\u2019hui 31 Ao\u00fbt 2017, s\u2019est ouverte la troisi\u00e8me session du Conseil Scientifique et P\u00e9dagogique, une grande rencontre devenue presqu\u2019une tradition au sein de l\u2019ESMER.  Au si\u00e8ge de l\u2019ESMER, le d\u00e9cor est donc plant\u00e9 pour accueillir cette grande rencontre scientifique \u00e0 laquelle prennent part la quinzaine des membres du Conseil Scientifique et P\u00e9dagogique venue de 7 pays diff\u00e9rents : Togo, Burkina-Faso, Cameroun, Ghana, France, Autriche, Canada. <\/p>\n","protected":false},"author":2,"featured_media":1081,"comment_status":"closed","ping_status":"open","sticky":false,"template":"","format":"gallery","meta":{"footnotes":""},"categories":[12],"tags":[],"class_list":["post-1082","post","type-post","status-publish","format-gallery","has-post-thumbnail","hentry","category-activites","post_format-post-format-gallery"],"_links":{"self":[{"href":"https:\/\/esmer-benin.org\/home\/wp-json\/wp\/v2\/posts\/1082","targetHints":{"allow":["GET"]}}],"collection":[{"href":"https:\/\/esmer-benin.org\/home\/wp-json\/wp\/v2\/posts"}],"about":[{"href":"https:\/\/esmer-benin.org\/home\/wp-json\/wp\/v2\/types\/post"}],"author":[{"embeddable":true,"href":"https:\/\/esmer-benin.org\/home\/wp-json\/wp\/v2\/users\/2"}],"replies":[{"embeddable":true,"href":"https:\/\/esmer-benin.org\/home\/wp-json\/wp\/v2\/comments?post=1082"}],"version-history":[{"count":4,"href":"https:\/\/esmer-benin.org\/home\/wp-json\/wp\/v2\/posts\/1082\/revisions"}],"predecessor-version":[{"id":1125,"href":"https:\/\/esmer-benin.org\/home\/wp-json\/wp\/v2\/posts\/1082\/revisions\/1125"}],"wp:featuredmedia":[{"embeddable":true,"href":"https:\/\/esmer-benin.org\/home\/wp-json\/wp\/v2\/media\/1081"}],"wp:attachment":[{"href":"https:\/\/esmer-benin.org\/home\/wp-json\/wp\/v2\/media?parent=1082"}],"wp:term":[{"taxonomy":"category","embeddable":true,"href":"https:\/\/esmer-benin.org\/home\/wp-json\/wp\/v2\/categories?post=1082"},{"taxonomy":"post_tag","embeddable":true,"href":"https:\/\/esmer-benin.org\/home\/wp-json\/wp\/v2\/tags?post=1082"}],"curies":[{"name":"wp","href":"https:\/\/api.w.org\/{rel}","templated":true}]}}