{"id":1050,"date":"2017-05-31T12:14:13","date_gmt":"2017-05-31T12:14:13","guid":{"rendered":"http:\/\/www.esmer-benin.org\/?p=1050"},"modified":"2017-05-31T12:14:13","modified_gmt":"2017-05-31T12:14:13","slug":"lesmer-fortement-recompensee-a-la-8eme-edition-du-salon-des-formations-superieures-et-de-lorientation","status":"publish","type":"post","link":"https:\/\/esmer-benin.org\/home\/lesmer-fortement-recompensee-a-la-8eme-edition-du-salon-des-formations-superieures-et-de-lorientation\/","title":{"rendered":"L\u2019ESMER fortement r\u00e9compens\u00e9e \u00e0 la 8eme \u00e9dition du Salon des Formations Sup\u00e9rieures et de l\u2019Orientation"},"content":{"rendered":"<p>Le Salon des Formations Sup\u00e9rieures et de l\u2019Orientation (8eme \u00e9dition), qui s\u2019est tenu du 25 au 27 Mai 2017, a \u00e9t\u00e9 l\u2019occasion pour l\u2019Ecole Sup\u00e9rieure des M\u00e9tiers des Energies (ESMER BENIN) de d\u00e9montrer ses comp\u00e9tences dans le domaine de l\u2019\u00e9nerg\u00e9tique et des \u00e9nergies renouvelables. Les visiteurs ont eu le privil\u00e8ge de d\u00e9couvrir les diff\u00e9rentes fili\u00e8res propos\u00e9es par l\u2019ESMER, ainsi que les innovations en cours au niveau de ce p\u00f4le d\u2019excellence. A l\u2019issue de ce salon, l\u2019ESMER ressort avec plusieurs r\u00e9compenses\u00a0:<\/p>\n<ul>\n<li>Le prix de l\u2019excellence pour la qualit\u00e9 de l\u2019accueil sur son stand<\/li>\n<li>Le prix de l\u2019excellence pour l\u2019originalit\u00e9 de son stand<\/li>\n<li>Le prix de l\u2019Excellence pour la qualit\u00e9 de l\u2019am\u00e9nagement et de la d\u00e9coration de son stand<\/li>\n<\/ul>\n<p>Avec pr\u00e8s d\u2019une vingtaine d\u2019exposants, il a \u00e9t\u00e9 particuli\u00e8rement difficile de d\u00e9partager les meilleurs. Mais pour la seconde ann\u00e9e cons\u00e9cutive, l\u2019ESMER remporte aussi le prix de l\u2019exposant le plus innovant. C&rsquo;est une grande reconnaissance pour tout le travail investi dans la pr\u00e9sentation des innovations mises en place par les \u00e9tudiants de ce v\u00e9ritable p\u00f4le scientifique. Nous sommes tr\u00e8s fiers du r\u00e9sultat obtenu durant ce salon, v\u00e9ritable r\u00e9v\u00e9lateur des formations sup\u00e9rieures de qualit\u00e9.\u00a0 Avec l\u2019ESMER, pr\u00e9parons ensemble la transition \u00e9nerg\u00e9tique.<\/p>\n\n\t\t<style type=\"text\/css\">\n\t\t\t#gallery-1 {\n\t\t\t\tmargin: auto;\n\t\t\t}\n\t\t\t#gallery-1 .gallery-item {\n\t\t\t\tfloat: left;\n\t\t\t\tmargin-top: 10px;\n\t\t\t\ttext-align: center;\n\t\t\t\twidth: 33%;\n\t\t\t}\n\t\t\t#gallery-1 img {\n\t\t\t\tborder: 2px solid #cfcfcf;\n\t\t\t}\n\t\t\t#gallery-1 .gallery-caption {\n\t\t\t\tmargin-left: 0;\n\t\t\t}\n\t\t\t\/* see gallery_shortcode() in wp-includes\/media.php *\/\n\t\t<\/style>\n\t\t<div id='gallery-1' class='gallery galleryid-1050 gallery-columns-3 gallery-size-full'><dl class='gallery-item'>\n\t\t\t<dt class='gallery-icon landscape'>\n\t\t\t\t<a href='https:\/\/esmer-benin.org\/home\/lesmer-fortement-recompensee-a-la-8eme-edition-du-salon-des-formations-superieures-et-de-lorientation\/4-5\/'><img loading=\"lazy\" decoding=\"async\" width=\"456\" height=\"342\" src=\"https:\/\/esmer-benin.org\/home\/wp-content\/uploads\/2017\/05\/4-1.jpg\" class=\"attachment-full size-full\" alt=\"\" srcset=\"https:\/\/esmer-benin.org\/home\/wp-content\/uploads\/2017\/05\/4-1.jpg 456w, https:\/\/esmer-benin.org\/home\/wp-content\/uploads\/2017\/05\/4-1-150x113.jpg 150w, https:\/\/esmer-benin.org\/home\/wp-content\/uploads\/2017\/05\/4-1-300x225.jpg 300w\" sizes=\"auto, (max-width: 456px) 100vw, 456px\" \/><\/a>\n\t\t\t<\/dt><\/dl><dl class='gallery-item'>\n\t\t\t<dt class='gallery-icon landscape'>\n\t\t\t\t<a href='https:\/\/esmer-benin.org\/home\/lesmer-fortement-recompensee-a-la-8eme-edition-du-salon-des-formations-superieures-et-de-lorientation\/2-3\/'><img loading=\"lazy\" decoding=\"async\" width=\"456\" height=\"342\" src=\"https:\/\/esmer-benin.org\/home\/wp-content\/uploads\/2017\/05\/2.jpg\" class=\"attachment-full size-full\" alt=\"\" srcset=\"https:\/\/esmer-benin.org\/home\/wp-content\/uploads\/2017\/05\/2.jpg 456w, https:\/\/esmer-benin.org\/home\/wp-content\/uploads\/2017\/05\/2-150x113.jpg 150w, https:\/\/esmer-benin.org\/home\/wp-content\/uploads\/2017\/05\/2-300x225.jpg 300w\" sizes=\"auto, (max-width: 456px) 100vw, 456px\" \/><\/a>\n\t\t\t<\/dt><\/dl><dl class='gallery-item'>\n\t\t\t<dt class='gallery-icon landscape'>\n\t\t\t\t<a href='https:\/\/esmer-benin.org\/home\/lesmer-fortement-recompensee-a-la-8eme-edition-du-salon-des-formations-superieures-et-de-lorientation\/3-3\/'><img loading=\"lazy\" decoding=\"async\" width=\"456\" height=\"342\" src=\"https:\/\/esmer-benin.org\/home\/wp-content\/uploads\/2017\/05\/3.jpg\" class=\"attachment-full size-full\" alt=\"\" srcset=\"https:\/\/esmer-benin.org\/home\/wp-content\/uploads\/2017\/05\/3.jpg 456w, https:\/\/esmer-benin.org\/home\/wp-content\/uploads\/2017\/05\/3-150x113.jpg 150w, https:\/\/esmer-benin.org\/home\/wp-content\/uploads\/2017\/05\/3-300x225.jpg 300w\" sizes=\"auto, (max-width: 456px) 100vw, 456px\" \/><\/a>\n\t\t\t<\/dt><\/dl><br style=\"clear: both\" \/>\n\t\t<\/div>\n\n","protected":false},"excerpt":{"rendered":"<p>Le Salon des Formations Sup\u00e9rieures et de l\u2019Orientation (8eme \u00e9dition), qui s\u2019est tenu du 25 au 27 Mai 2017, a \u00e9t\u00e9 l\u2019occasion pour l\u2019Ecole Sup\u00e9rieure des M\u00e9tiers des Energies (ESMER BENIN) de d\u00e9montrer ses comp\u00e9tences dans le domaine de l\u2019\u00e9nerg\u00e9tique et des \u00e9nergies renouvelables.<\/p>\n","protected":false},"author":2,"featured_media":1054,"comment_status":"closed","ping_status":"open","sticky":false,"template":"","format":"gallery","meta":{"footnotes":""},"categories":[12],"tags":[],"class_list":["post-1050","post","type-post","status-publish","format-gallery","has-post-thumbnail","hentry","category-activites","post_format-post-format-gallery"],"_links":{"self":[{"href":"https:\/\/esmer-benin.org\/home\/wp-json\/wp\/v2\/posts\/1050","targetHints":{"allow":["GET"]}}],"collection":[{"href":"https:\/\/esmer-benin.org\/home\/wp-json\/wp\/v2\/posts"}],"about":[{"href":"https:\/\/esmer-benin.org\/home\/wp-json\/wp\/v2\/types\/post"}],"author":[{"embeddable":true,"href":"https:\/\/esmer-benin.org\/home\/wp-json\/wp\/v2\/users\/2"}],"replies":[{"embeddable":true,"href":"https:\/\/esmer-benin.org\/home\/wp-json\/wp\/v2\/comments?post=1050"}],"version-history":[{"count":2,"href":"https:\/\/esmer-benin.org\/home\/wp-json\/wp\/v2\/posts\/1050\/revisions"}],"predecessor-version":[{"id":1056,"href":"https:\/\/esmer-benin.org\/home\/wp-json\/wp\/v2\/posts\/1050\/revisions\/1056"}],"wp:featuredmedia":[{"embeddable":true,"href":"https:\/\/esmer-benin.org\/home\/wp-json\/wp\/v2\/media\/1054"}],"wp:attachment":[{"href":"https:\/\/esmer-benin.org\/home\/wp-json\/wp\/v2\/media?parent=1050"}],"wp:term":[{"taxonomy":"category","embeddable":true,"href":"https:\/\/esmer-benin.org\/home\/wp-json\/wp\/v2\/categories?post=1050"},{"taxonomy":"post_tag","embeddable":true,"href":"https:\/\/esmer-benin.org\/home\/wp-json\/wp\/v2\/tags?post=1050"}],"curies":[{"name":"wp","href":"https:\/\/api.w.org\/{rel}","templated":true}]}}