{"id":1031,"date":"2017-05-18T10:06:22","date_gmt":"2017-05-18T10:06:22","guid":{"rendered":"http:\/\/www.esmer-benin.org\/?p=1031"},"modified":"2017-05-18T10:20:47","modified_gmt":"2017-05-18T10:20:47","slug":"premiere-edition-des-journees-culturelles-esmer-students-day-les-etudiants-celebrent-les-energies-vertes","status":"publish","type":"post","link":"https:\/\/esmer-benin.org\/home\/premiere-edition-des-journees-culturelles-esmer-students-day-les-etudiants-celebrent-les-energies-vertes\/","title":{"rendered":"Premi\u00e8re \u00e9dition des journ\u00e9es culturelles \u00ab ESMER STUDENT\u2019S DAY \u00bb, les \u00e9tudiants c\u00e9l\u00e8brent les \u00e9nergies vertes."},"content":{"rendered":"<p style=\"text-align: justify; line-height: 150%;\"><span style=\"font-family: 'Cambria',serif;\">Les journ\u00e9es culturelles \u00ab ESMER STUDENT\u2019S DAY \u00bb, ont d\u00e9marr\u00e9 ce jour 05 Mai 2017 par \u00ab la grande caravane verte \u00bb \u00bb, conduite par les \u00e9tudiants de l\u2019ESMER. Ces derniers ont saisi cette occasion pour inviter la population de Cotonou et environs \u00e0 adopter les \u00e9nergies renouvelables (solaire photovolta\u00efque, solaire thermique, \u00e9olien, biomasse et hydrog\u00e8ne) en remplacement des \u00e9nergies fossiles aux cons\u00e9quences n\u00e9fastes multiples. La \u00ab caravane verte \u00bb a servi d\u2019opport<span class=\"textexposedshow\">unit\u00e9 pour convier les futurs bacheliers, les \u00e9tudiants, les professionnels du domaine de l\u2019\u00e9nerg\u00e9tique et les passionn\u00e9s des \u00e9nergies renouvelables \u00e0 se faire former \u00e0 l\u2019ESMER dans des fili\u00e8res tr\u00e8s innovantes et tr\u00e8s pratiques. <\/span><\/span><\/p>\n<p style=\"text-align: justify; line-height: 150%;\"><span style=\"font-family: 'Cambria',serif;\">Dans le cadre de ces m\u00eames journ\u00e9es culturelles, les \u00e9tudiants de l\u2019ESMER ont livr\u00e9 contre les \u00e9tudiants de l\u2019Ecole Polytechnique d\u2019Abomey Calavi (EPAC) un match amical. Malgr\u00e9 la grande artillerie sortie par les \u00e9l\u00e8ves \u00e9nerg\u00e9ticiens de l\u2019ESMER, c\u2019est sur un score de 1 \u2013 0 que les polytechniciens se sont finalement impos\u00e9s. Le terrain de l\u2019Universit\u00e9 d\u2019Abomey-Calavi qui a servi de cadre d\u2019accueil pour la tenue de ce match peut t\u00e9moigner de la liesse partag\u00e9e entre les \u00e9tudiants de ces entit\u00e9s partenaires. Pour marquer la fin de ces journ\u00e9es culturelles, une conf\u00e9rence d\u00e9bat a \u00e9t\u00e9 co-anim\u00e9e par les enseignants chercheurs de l\u2019ESMER et de l\u2019EPAC sur le th\u00e8me\u00a0: Quelle source d\u2019\u00e9nergie pour un d\u00e9veloppement durable en Afrique\u00a0: Cas du B\u00e9nin. Ces journ\u00e9es ont \u00e9t\u00e9 v\u00e9cues dans une tr\u00e8s grande convivialit\u00e9.<\/span><\/p>\n\n\t\t<style type=\"text\/css\">\n\t\t\t#gallery-1 {\n\t\t\t\tmargin: auto;\n\t\t\t}\n\t\t\t#gallery-1 .gallery-item {\n\t\t\t\tfloat: left;\n\t\t\t\tmargin-top: 10px;\n\t\t\t\ttext-align: center;\n\t\t\t\twidth: 20%;\n\t\t\t}\n\t\t\t#gallery-1 img {\n\t\t\t\tborder: 2px solid #cfcfcf;\n\t\t\t}\n\t\t\t#gallery-1 .gallery-caption {\n\t\t\t\tmargin-left: 0;\n\t\t\t}\n\t\t\t\/* see gallery_shortcode() in wp-includes\/media.php *\/\n\t\t<\/style>\n\t\t<div id='gallery-1' class='gallery galleryid-1031 gallery-columns-5 gallery-size-full'><dl class='gallery-item'>\n\t\t\t<dt class='gallery-icon landscape'>\n\t\t\t\t<a href='https:\/\/esmer-benin.org\/home\/premiere-edition-des-journees-culturelles-esmer-students-day-les-etudiants-celebrent-les-energies-vertes\/lancement-officiel-des-journees-esmer-students-day\/'><img loading=\"lazy\" decoding=\"async\" width=\"523\" height=\"392\" src=\"https:\/\/esmer-benin.org\/home\/wp-content\/uploads\/2017\/05\/0.jpg\" class=\"attachment-full size-full\" alt=\"\" srcset=\"https:\/\/esmer-benin.org\/home\/wp-content\/uploads\/2017\/05\/0.jpg 523w, https:\/\/esmer-benin.org\/home\/wp-content\/uploads\/2017\/05\/0-150x112.jpg 150w, https:\/\/esmer-benin.org\/home\/wp-content\/uploads\/2017\/05\/0-300x225.jpg 300w\" sizes=\"auto, (max-width: 523px) 100vw, 523px\" \/><\/a>\n\t\t\t<\/dt><\/dl><dl class='gallery-item'>\n\t\t\t<dt class='gallery-icon landscape'>\n\t\t\t\t<a href='https:\/\/esmer-benin.org\/home\/premiere-edition-des-journees-culturelles-esmer-students-day-les-etudiants-celebrent-les-energies-vertes\/2-4\/'><img loading=\"lazy\" decoding=\"async\" width=\"523\" height=\"392\" src=\"https:\/\/esmer-benin.org\/home\/wp-content\/uploads\/2017\/05\/2-1.jpg\" class=\"attachment-full size-full\" alt=\"\" srcset=\"https:\/\/esmer-benin.org\/home\/wp-content\/uploads\/2017\/05\/2-1.jpg 523w, https:\/\/esmer-benin.org\/home\/wp-content\/uploads\/2017\/05\/2-1-150x112.jpg 150w, https:\/\/esmer-benin.org\/home\/wp-content\/uploads\/2017\/05\/2-1-300x225.jpg 300w\" sizes=\"auto, (max-width: 523px) 100vw, 523px\" \/><\/a>\n\t\t\t<\/dt><\/dl><dl class='gallery-item'>\n\t\t\t<dt class='gallery-icon landscape'>\n\t\t\t\t<a href='https:\/\/esmer-benin.org\/home\/premiere-edition-des-journees-culturelles-esmer-students-day-les-etudiants-celebrent-les-energies-vertes\/3-4\/'><img loading=\"lazy\" decoding=\"async\" width=\"523\" height=\"392\" src=\"https:\/\/esmer-benin.org\/home\/wp-content\/uploads\/2017\/05\/3-1.jpg\" class=\"attachment-full size-full\" alt=\"\" srcset=\"https:\/\/esmer-benin.org\/home\/wp-content\/uploads\/2017\/05\/3-1.jpg 523w, https:\/\/esmer-benin.org\/home\/wp-content\/uploads\/2017\/05\/3-1-150x112.jpg 150w, https:\/\/esmer-benin.org\/home\/wp-content\/uploads\/2017\/05\/3-1-300x225.jpg 300w\" sizes=\"auto, (max-width: 523px) 100vw, 523px\" \/><\/a>\n\t\t\t<\/dt><\/dl><dl class='gallery-item'>\n\t\t\t<dt class='gallery-icon landscape'>\n\t\t\t\t<a href='https:\/\/esmer-benin.org\/home\/premiere-edition-des-journees-culturelles-esmer-students-day-les-etudiants-celebrent-les-energies-vertes\/attachment\/5\/'><img loading=\"lazy\" decoding=\"async\" width=\"523\" height=\"392\" src=\"https:\/\/esmer-benin.org\/home\/wp-content\/uploads\/2017\/05\/5.jpg\" class=\"attachment-full size-full\" alt=\"\" srcset=\"https:\/\/esmer-benin.org\/home\/wp-content\/uploads\/2017\/05\/5.jpg 523w, https:\/\/esmer-benin.org\/home\/wp-content\/uploads\/2017\/05\/5-150x112.jpg 150w, https:\/\/esmer-benin.org\/home\/wp-content\/uploads\/2017\/05\/5-300x225.jpg 300w\" sizes=\"auto, (max-width: 523px) 100vw, 523px\" \/><\/a>\n\t\t\t<\/dt><\/dl><dl class='gallery-item'>\n\t\t\t<dt class='gallery-icon landscape'>\n\t\t\t\t<a href='https:\/\/esmer-benin.org\/home\/premiere-edition-des-journees-culturelles-esmer-students-day-les-etudiants-celebrent-les-energies-vertes\/6-3\/'><img loading=\"lazy\" decoding=\"async\" width=\"523\" height=\"392\" src=\"https:\/\/esmer-benin.org\/home\/wp-content\/uploads\/2017\/05\/6.jpg\" class=\"attachment-full size-full\" alt=\"\" srcset=\"https:\/\/esmer-benin.org\/home\/wp-content\/uploads\/2017\/05\/6.jpg 523w, https:\/\/esmer-benin.org\/home\/wp-content\/uploads\/2017\/05\/6-150x112.jpg 150w, https:\/\/esmer-benin.org\/home\/wp-content\/uploads\/2017\/05\/6-300x225.jpg 300w\" sizes=\"auto, (max-width: 523px) 100vw, 523px\" \/><\/a>\n\t\t\t<\/dt><\/dl><br style=\"clear: both\" \/>\n\t\t<\/div>\n\n<p style=\"text-align: justify; line-height: 150%;\">\n","protected":false},"excerpt":{"rendered":"<p>Les journ\u00e9es culturelles \u00ab ESMER STUDENT\u2019S DAY \u00bb, ont d\u00e9marr\u00e9 ce jour 05 Mai 2017 par \u00ab la grande caravane verte \u00bb \u00bb, conduite par les \u00e9tudiants de l\u2019ESMER. Ces derniers ont saisi cette occasion pour inviter la population de Cotonou et environs \u00e0 adopter les \u00e9nergies renouvelables (solaire photovolta\u00efque, solaire thermique, \u00e9olien, biomasse et hydrog\u00e8ne) en remplacement des \u00e9nergies fossiles aux cons\u00e9quences n\u00e9fastes multiples.<\/p>\n","protected":false},"author":2,"featured_media":1040,"comment_status":"closed","ping_status":"open","sticky":false,"template":"","format":"gallery","meta":{"footnotes":""},"categories":[12],"tags":[],"class_list":["post-1031","post","type-post","status-publish","format-gallery","has-post-thumbnail","hentry","category-activites","post_format-post-format-gallery"],"_links":{"self":[{"href":"https:\/\/esmer-benin.org\/home\/wp-json\/wp\/v2\/posts\/1031","targetHints":{"allow":["GET"]}}],"collection":[{"href":"https:\/\/esmer-benin.org\/home\/wp-json\/wp\/v2\/posts"}],"about":[{"href":"https:\/\/esmer-benin.org\/home\/wp-json\/wp\/v2\/types\/post"}],"author":[{"embeddable":true,"href":"https:\/\/esmer-benin.org\/home\/wp-json\/wp\/v2\/users\/2"}],"replies":[{"embeddable":true,"href":"https:\/\/esmer-benin.org\/home\/wp-json\/wp\/v2\/comments?post=1031"}],"version-history":[{"count":4,"href":"https:\/\/esmer-benin.org\/home\/wp-json\/wp\/v2\/posts\/1031\/revisions"}],"predecessor-version":[{"id":1043,"href":"https:\/\/esmer-benin.org\/home\/wp-json\/wp\/v2\/posts\/1031\/revisions\/1043"}],"wp:featuredmedia":[{"embeddable":true,"href":"https:\/\/esmer-benin.org\/home\/wp-json\/wp\/v2\/media\/1040"}],"wp:attachment":[{"href":"https:\/\/esmer-benin.org\/home\/wp-json\/wp\/v2\/media?parent=1031"}],"wp:term":[{"taxonomy":"category","embeddable":true,"href":"https:\/\/esmer-benin.org\/home\/wp-json\/wp\/v2\/categories?post=1031"},{"taxonomy":"post_tag","embeddable":true,"href":"https:\/\/esmer-benin.org\/home\/wp-json\/wp\/v2\/tags?post=1031"}],"curies":[{"name":"wp","href":"https:\/\/api.w.org\/{rel}","templated":true}]}}